{"id":2921,"date":"2014-12-29T22:11:50","date_gmt":"2014-12-30T03:11:50","guid":{"rendered":"http:\/\/www.perupesquero.org\/?p=2921"},"modified":"2014-12-29T22:11:50","modified_gmt":"2014-12-30T03:11:50","slug":"japon-construira-ciudad-en-el-fondo-del-mar","status":"publish","type":"post","link":"http:\/\/www.perupesquero.org\/web\/japon-construira-ciudad-en-el-fondo-del-mar\/","title":{"rendered":"Jap\u00f3n construir\u00e1 ciudad en el fondo del Mar"},"content":{"rendered":"<p style=\"text-align: justify;\"><strong>Alucinantes im\u00e1genes<\/strong>. La Corporaci\u00f3n Shimizu de Jap\u00f3n planea levantar una ciudad en el fondo del Mar para garantizar un futuro \u201cverdaderamente sustentable\u201d para la vida humana. Te presentamos las im\u00e1genes del proyecto.<\/p>\n<p style=\"text-align: justify;\"><a href=\"http:\/\/www.perupesquero.org\/wp-content\/uploads\/2014\/12\/ciudad-de-Japon-1.jpg\"><img loading=\"lazy\" decoding=\"async\" class=\"alignnone size-medium wp-image-2923\" src=\"http:\/\/www.perupesquero.org\/wp-content\/uploads\/2014\/12\/ciudad-de-Japon-1-300x166.jpg\" alt=\"ciudad de Japon 1\" width=\"300\" height=\"166\" \/><\/a><\/p>\n<p style=\"text-align: justify;\"><strong>bbc.com<\/strong><\/p>\n","protected":false},"excerpt":{"rendered":"<p>Alucinantes im\u00e1genes. La Corporaci\u00f3n Shimizu de Jap\u00f3n planea levantar una ciudad en el fondo del Mar para garantizar un futuro \u201cverdaderamente sustentable\u201d para la vida humana. Te presentamos las im\u00e1genes del proyecto. bbc.com<\/p>\n","protected":false},"author":2,"featured_media":2922,"comment_status":"open","ping_status":"open","sticky":false,"template":"","format":"standard","meta":{"footnotes":""},"categories":[77,78,63,67,69,72],"tags":[491],"class_list":["post-2921","post","type-post","status-publish","format-standard","has-post-thumbnail","hentry","category-internacionales","category-nacionales","category-noticias","category-pesqueria","category-politica","category-regionales","tag-ciudad-de-japon"],"_links":{"self":[{"href":"http:\/\/www.perupesquero.org\/web\/wp-json\/wp\/v2\/posts\/2921","targetHints":{"allow":["GET"]}}],"collection":[{"href":"http:\/\/www.perupesquero.org\/web\/wp-json\/wp\/v2\/posts"}],"about":[{"href":"http:\/\/www.perupesquero.org\/web\/wp-json\/wp\/v2\/types\/post"}],"author":[{"embeddable":true,"href":"http:\/\/www.perupesquero.org\/web\/wp-json\/wp\/v2\/users\/2"}],"replies":[{"embeddable":true,"href":"http:\/\/www.perupesquero.org\/web\/wp-json\/wp\/v2\/comments?post=2921"}],"version-history":[{"count":0,"href":"http:\/\/www.perupesquero.org\/web\/wp-json\/wp\/v2\/posts\/2921\/revisions"}],"wp:featuredmedia":[{"embeddable":true,"href":"http:\/\/www.perupesquero.org\/web\/wp-json\/"}],"wp:attachment":[{"href":"http:\/\/www.perupesquero.org\/web\/wp-json\/wp\/v2\/media?parent=2921"}],"wp:term":[{"taxonomy":"category","embeddable":true,"href":"http:\/\/www.perupesquero.org\/web\/wp-json\/wp\/v2\/categories?post=2921"},{"taxonomy":"post_tag","embeddable":true,"href":"http:\/\/www.perupesquero.org\/web\/wp-json\/wp\/v2\/tags?post=2921"}],"curies":[{"name":"wp","href":"https:\/\/api.w.org\/{rel}","templated":true}]}}