{"id":2911,"date":"2014-12-28T21:40:32","date_gmt":"2014-12-29T02:40:32","guid":{"rendered":"http:\/\/www.perupesquero.org\/?p=2911"},"modified":"2014-12-28T21:40:32","modified_gmt":"2014-12-29T02:40:32","slug":"chile-senadores-rechazaron-estrategia-de-bolivia-por-demanda-maritima","status":"publish","type":"post","link":"http:\/\/www.perupesquero.org\/web\/chile-senadores-rechazaron-estrategia-de-bolivia-por-demanda-maritima\/","title":{"rendered":"CHILE &#8211; Senadores rechazaron estrategia de Bolivia por demanda mar\u00edtima"},"content":{"rendered":"<p style=\"text-align: justify;\">Un apoyo transversal ha generado entre senadores \u2013particularmente de la Comisi\u00f3n de Relaciones Exteriores-, la defensa frente a la demanda mar\u00edtima de Bolivia. En reuni\u00f3n con el Canciller Helardo Mu\u00f1oz, rechazaron la estrategia del pa\u00eds altipl\u00e1nico y solicitaron intensificar la campa\u00f1a comunicacional chilena.<\/p>\n<p style=\"text-align: justify;\">El Senador Francisco Chahu\u00e1n \u2013quien es integrante de la citada instancia parlamentaria\u2013 explic\u00f3 que la cita tuvo como objetivo <em>\u201cfelicitar el manejo diplom\u00e1tico contundente que ha tenido para permear la s\u00f3lida posici\u00f3n jur\u00eddica de Chile ante los pa\u00edses vecinos\u201d<\/em>. Asimismo enfatiz\u00f3 que<em> \u201cla responsabilidad de la conducci\u00f3n de las relaciones exteriores es de la Presidenta de la Rep\u00fablica y la Canciller\u00eda\u201d.<\/em><\/p>\n<p style=\"text-align: justify;\">El Congresista declar\u00f3 que en la reuni\u00f3n, a la que tambi\u00e9n asistieron los timoneles de la UDI y RN, tambi\u00e9n se convers\u00f3 acerca de la propuesta del Ex Canciller (Hern\u00e1n Felipe) Err\u00e1zuriz de abandonar el procedimiento de La Haya. <em>\u201cHemos planteado que nos parece complejo pues nuestra principal fortaleza es la argumentaci\u00f3n jur\u00eddica y aquello podr\u00eda ser visto como una se\u00f1al de debilidad, cuesti\u00f3n que adem\u00e1s no compartimos\u201d<\/em>, indic\u00f3.<\/p>\n<p style=\"text-align: justify;\">En esa l\u00ednea, el Senador Chahu\u00e1n llam\u00f3 a los ex cancilleres a que <em>\u201csi tienen algo que decir al respecto, lo hagan por los canales institucionales y privadamente, pues \u00e9sta es una materia de Estado en la cual no hay espacio para protagonismos ni la creatividad\u201d<\/em>. Asimismo, dijo que <em>\u201chemos reiterado nuestra disposici\u00f3n para desplegarnos durante enero \u2013que es clave\u2013 a trav\u00e9s de la diplomacia parlamentaria, como de la realizada por los ex Presidentes de la Rep\u00fablica y \u00e9l nos ha manifestado disposici\u00f3n a recibir colaboraci\u00f3n\u201d<\/em>.<\/p>\n<p style=\"text-align: justify;\"><span style=\"text-decoration: underline;\"><strong>Estrategia persuasiva<\/strong><\/span><br \/>\nEn la misma l\u00ednea, el Senador Hern\u00e1n Larra\u00edn asegur\u00f3 que <em>\u201cChile hasta ahora ha tenido una estrategia razonable, positiva y concreta, pero ciertamente quiz\u00e1 de aqu\u00ed en adelante \u2013considerando la victimizaci\u00f3n de Bolivia que ha logrado persuadir a pa\u00edses que en otro tiempo habr\u00edan permanecido en silencio, como Uruguay, Ecuador o incluso el ALBA\u2013 creo que nos obliga a tener una actitud m\u00e1s agresiva en el \u00e1mbito comunicacional\u201d<\/em>.<\/p>\n<p style=\"text-align: justify;\">En cuanto al rol de los Ex Presidentes, el parlamentario consider\u00f3 que <em>\u201cest\u00e1n cumpliendo funciones muy responsables y efectivas. Probablemente, muchas no las conozcamos y probablemente no las vamos a conocer\u201d<\/em>. Sin embargo, asegur\u00f3 que <em>\u201cla necesidad de coordinar estos esfuerzos es clave y eso el Canciller Mu\u00f1oz lo tiene presente\u201d<\/em>.<\/p>\n<p style=\"text-align: justify;\">Junto con expresarle a la autoridad<em> \u201cla disposici\u00f3n para cooperar en lo que el Gobierno decida\u201d<\/em>, el Parlamentario explic\u00f3 que se le plante\u00f3 la necesidad de que exista coordinaci\u00f3n con <em>\u201cfiguras como los ex Presidentes, Ministros, Parlamentarios, Presidentes de los partidos y todos los que puedan aportar con foros en donde se pueda plantear la verdad de este dilema\u201d.<\/em><\/p>\n<p style=\"text-align: justify;\">No obstante dej\u00f3 entre ver la importancia de tratar los temas con la debida reserva. <em>\u201cLo que es judicial debe permanecer en manos de los abogados encabezados por Felipe Bulnes, pero lo que es la parte m\u00e1s p\u00fablica, es necesario contrarrestar la ofensiva de victimizaci\u00f3n boliviana porque ellos est\u00e1n tergiversando los hechos, por lo que nosotros tenemos que hacer un esfuerzo adicional\u201d<\/em>.<\/p>\n<p style=\"text-align: justify;\"><strong>FUENTE:<\/strong> Aqua.cl<\/p>\n","protected":false},"excerpt":{"rendered":"<p>Un apoyo transversal ha generado entre senadores \u2013particularmente de la Comisi\u00f3n de Relaciones Exteriores-, la defensa frente a la demanda mar\u00edtima de Bolivia. En reuni\u00f3n con el Canciller Helardo Mu\u00f1oz, rechazaron la estrategia del pa\u00eds altipl\u00e1nico y solicitaron intensificar la campa\u00f1a comunicacional chilena. El Senador Francisco Chahu\u00e1n \u2013quien es integrante de la citada instancia parlamentaria\u2013 [&hellip;]<\/p>\n","protected":false},"author":2,"featured_media":2912,"comment_status":"open","ping_status":"open","sticky":false,"template":"","format":"standard","meta":{"footnotes":""},"categories":[77,63],"tags":[608,1685],"class_list":["post-2911","post","type-post","status-publish","format-standard","has-post-thumbnail","hentry","category-internacionales","category-noticias","tag-demanda-maritima","tag-senadores-rechazaron-estrategia-de-bolivia"],"_links":{"self":[{"href":"http:\/\/www.perupesquero.org\/web\/wp-json\/wp\/v2\/posts\/2911","targetHints":{"allow":["GET"]}}],"collection":[{"href":"http:\/\/www.perupesquero.org\/web\/wp-json\/wp\/v2\/posts"}],"about":[{"href":"http:\/\/www.perupesquero.org\/web\/wp-json\/wp\/v2\/types\/post"}],"author":[{"embeddable":true,"href":"http:\/\/www.perupesquero.org\/web\/wp-json\/wp\/v2\/users\/2"}],"replies":[{"embeddable":true,"href":"http:\/\/www.perupesquero.org\/web\/wp-json\/wp\/v2\/comments?post=2911"}],"version-history":[{"count":0,"href":"http:\/\/www.perupesquero.org\/web\/wp-json\/wp\/v2\/posts\/2911\/revisions"}],"wp:featuredmedia":[{"embeddable":true,"href":"http:\/\/www.perupesquero.org\/web\/wp-json\/"}],"wp:attachment":[{"href":"http:\/\/www.perupesquero.org\/web\/wp-json\/wp\/v2\/media?parent=2911"}],"wp:term":[{"taxonomy":"category","embeddable":true,"href":"http:\/\/www.perupesquero.org\/web\/wp-json\/wp\/v2\/categories?post=2911"},{"taxonomy":"post_tag","embeddable":true,"href":"http:\/\/www.perupesquero.org\/web\/wp-json\/wp\/v2\/tags?post=2911"}],"curies":[{"name":"wp","href":"https:\/\/api.w.org\/{rel}","templated":true}]}}