{"id":28876,"date":"2024-04-24T17:34:41","date_gmt":"2024-04-24T22:34:41","guid":{"rendered":"http:\/\/www.perupesquero.org\/web\/?p=28876"},"modified":"2024-04-24T17:34:41","modified_gmt":"2024-04-24T22:34:41","slug":"pescadores-artesanales-de-chile-piden-que-nueva-ley-les-entregue-el-100-de-la-cuota-de-la-sardina","status":"publish","type":"post","link":"http:\/\/www.perupesquero.org\/web\/pescadores-artesanales-de-chile-piden-que-nueva-ley-les-entregue-el-100-de-la-cuota-de-la-sardina\/","title":{"rendered":"Pescadores artesanales de Chile piden que nueva Ley les entregue el 100% de la cuota de la sardina"},"content":{"rendered":"<p>En horas de esta ma\u00f1ana,\u00a0<strong>Hern\u00e1n Cort\u00e9s<\/strong>, presidente del Consejo Nacional por la Defensa del Patrimonio Pesquero (<strong>CONDEPP<\/strong>), junto con Jorge Bustos, vicepresidente, y los directores Jos\u00e9 Verdugo y Marcos Bello, se reunieron con el Subsecretario Julio Salas y el equipo jur\u00eddico de la Subsecretar\u00eda de Pesca, representados por Vicente Mu\u00f1oz y Valentina Andrade.<\/p>\n<p>La reuni\u00f3n fue solicitada por<strong>\u00a0CONDEPP<\/strong>\u00a0con el\u00a0<strong>prop\u00f3sito de presentar indicaciones al nuevo proyecto de Ley de Pesca.<\/strong><\/p>\n<p>\u00abLos peces son para quienes pescan\u00bb, declar\u00f3\u00a0<strong>Hern\u00e1n Cort\u00e9s<\/strong>\u00a0al presentar la\u00a0<strong>propuesta de modificar el fraccionamiento de la sardina a un 100% artesanal y aumentar la cuota de otras pesquer\u00edas<\/strong>, como la merluza austral.<\/p>\n<p>Jorge Bustos tambi\u00e9n plante\u00f3 la necesidad de una redistribuci\u00f3n coherente y equitativa de los excedentes, especialmente en las pesquer\u00edas de peque\u00f1os pel\u00e1gicos, argumentando que la\u00a0<strong>regi\u00f3n del Biob\u00edo<\/strong>\u00a0deber\u00eda estar incluida debido a su significativa\u00a0<strong>actividad pesquera<\/strong>.<\/p>\n<p>En cuanto a la inclusi\u00f3n de la idea de la Plataforma Social en el proyecto de ley,\u00a0<strong>CONDEPP<\/strong>\u00a0propuso establecer un marco jur\u00eddico que permita crear una organizaci\u00f3n similar a las cajas de compensaci\u00f3n.<\/p>\n<p><strong>Hern\u00e1n Cort\u00e9s<\/strong>\u00a0afirm\u00f3 que esto permitir\u00eda desarrollar un sistema de seguridad social adecuado para el\u00a0<strong>sector pesquero<\/strong>\u00a0<strong>artesanal<\/strong>.<\/p>\n<p>Por \u00faltimo, Ram\u00f3n Chaparro, tesorero de\u00a0<strong>CONDEPP<\/strong>, plante\u00f3 la necesidad de garantizar la movilidad de tripulantes y patrones, argumentando que no deber\u00eda estar sujeta a criterios arbitrarios de los consejos regionales.<\/p>\n<p>Propuso que el libre desplazamiento sea total y que los tripulantes artesanales tengan una representaci\u00f3n mayor en los organismos de toma de decisiones relacionados con la\u00a0<strong>pesca<\/strong>.<\/p>\n<p><strong>Hern\u00e1n Cort\u00e9s<\/strong>\u00a0expres\u00f3 su satisfacci\u00f3n con la reuni\u00f3n, destacando que el equipo jur\u00eddico tom\u00f3 debida nota de las propuestas y se comprometi\u00f3 a estudiarlas con miras a satisfacer las urgentes necesidades de los\u00a0<strong>pescadores artesanales<\/strong>.<\/p>\n<p>Fuente: eldesconcierto.cl<\/p>\n","protected":false},"excerpt":{"rendered":"<p>En horas de esta ma\u00f1ana,\u00a0Hern\u00e1n Cort\u00e9s, presidente del Consejo Nacional por la Defensa del Patrimonio Pesquero (CONDEPP), junto con Jorge Bustos, vicepresidente, y los directores Jos\u00e9 Verdugo y Marcos Bello, se reunieron con el Subsecretario Julio Salas y el equipo jur\u00eddico de la Subsecretar\u00eda de Pesca, representados por Vicente Mu\u00f1oz y Valentina Andrade. La reuni\u00f3n [&hellip;]<\/p>\n","protected":false},"author":2,"featured_media":28877,"comment_status":"open","ping_status":"open","sticky":false,"template":"","format":"standard","meta":{"footnotes":""},"categories":[63],"tags":[],"class_list":["post-28876","post","type-post","status-publish","format-standard","has-post-thumbnail","hentry","category-noticias"],"_links":{"self":[{"href":"http:\/\/www.perupesquero.org\/web\/wp-json\/wp\/v2\/posts\/28876","targetHints":{"allow":["GET"]}}],"collection":[{"href":"http:\/\/www.perupesquero.org\/web\/wp-json\/wp\/v2\/posts"}],"about":[{"href":"http:\/\/www.perupesquero.org\/web\/wp-json\/wp\/v2\/types\/post"}],"author":[{"embeddable":true,"href":"http:\/\/www.perupesquero.org\/web\/wp-json\/wp\/v2\/users\/2"}],"replies":[{"embeddable":true,"href":"http:\/\/www.perupesquero.org\/web\/wp-json\/wp\/v2\/comments?post=28876"}],"version-history":[{"count":1,"href":"http:\/\/www.perupesquero.org\/web\/wp-json\/wp\/v2\/posts\/28876\/revisions"}],"predecessor-version":[{"id":28878,"href":"http:\/\/www.perupesquero.org\/web\/wp-json\/wp\/v2\/posts\/28876\/revisions\/28878"}],"wp:featuredmedia":[{"embeddable":true,"href":"http:\/\/www.perupesquero.org\/web\/wp-json\/wp\/v2\/media\/28877"}],"wp:attachment":[{"href":"http:\/\/www.perupesquero.org\/web\/wp-json\/wp\/v2\/media?parent=28876"}],"wp:term":[{"taxonomy":"category","embeddable":true,"href":"http:\/\/www.perupesquero.org\/web\/wp-json\/wp\/v2\/categories?post=28876"},{"taxonomy":"post_tag","embeddable":true,"href":"http:\/\/www.perupesquero.org\/web\/wp-json\/wp\/v2\/tags?post=28876"}],"curies":[{"name":"wp","href":"https:\/\/api.w.org\/{rel}","templated":true}]}}