{"id":2886,"date":"2014-12-21T23:34:50","date_gmt":"2014-12-22T04:34:50","guid":{"rendered":"http:\/\/www.perupesquero.org\/?p=2886"},"modified":"2014-12-21T23:34:50","modified_gmt":"2014-12-22T04:34:50","slug":"abririan-pesca-de-anchoveta-en-zona-sur-desde-la-milla-3","status":"publish","type":"post","link":"http:\/\/www.perupesquero.org\/web\/abririan-pesca-de-anchoveta-en-zona-sur-desde-la-milla-3\/","title":{"rendered":"Abrir\u00edan pesca de Anchoveta en zona sur desde la milla 3"},"content":{"rendered":"<p style=\"text-align: justify;\">Fuentes de todo cr\u00e9dito indicaron a PERUPESQUERO, que el Ministerio de la Producci\u00f3n (Produce) estar\u00eda evaluando para la segunda semana de enero del 2015, el reinicio de la actividad extractiva de la Anchoveta para el procesamiento de harina y aceite de pescado en la zona sur, luego que se conozca los resultados de la \u00faltima operaci\u00f3n cient\u00edfica realizada por el Instituto del Mar de Per\u00fa (Imarpe).<\/p>\n<p style=\"text-align: justify;\">Vale indicar, que Imarpe en uno de sus reportes asegur\u00f3 que la biomasa de Anchoveta alcanz\u00f3 m\u00ednimos hist\u00f3ricos de 1,4 mill\u00f3n de toneladas lo que hizo imposible abrir la segunda temporada de pesca, la misma que suele arrancar a inicios de noviembre y culminar en enero.<\/p>\n<p style=\"text-align: justify;\">De otro lado, se conoci\u00f3 a pesar que la pesca industrial en la zona sur por muchos a\u00f1os se realiz\u00f3 bajo el sistema de ventanas de penetraci\u00f3n, no se regresar\u00eda a ese modelo; sin embargo, las naves anchoveteras de gran calado podr\u00edan ingresar hasta la milla 3 y media, zona que les fue prohibida desde el 2012, tras la implementaci\u00f3n del DS 005, que modifica el Reglamento del Ordenamiento Pesquero del Recurso Anchoveta y establece zonas de reserva para Consumo Humano Directo, CHD.<\/p>\n<p style=\"text-align: justify;\">As\u00ed mismo, trascendi\u00f3 que con el reinicio de la pesca anchovetera en el sur, se abrir\u00eda la posibilidad de que se de una \u201ccuota social\u201d en la zona norte centro, adem\u00e1s de permitirse la extracci\u00f3n de recursos hidrobiol\u00f3gicos de oportunidad.<\/p>\n","protected":false},"excerpt":{"rendered":"<p>Fuentes de todo cr\u00e9dito indicaron a PERUPESQUERO, que el Ministerio de la Producci\u00f3n (Produce) estar\u00eda evaluando para la segunda semana de enero del 2015, el reinicio de la actividad extractiva de la Anchoveta para el procesamiento de harina y aceite de pescado en la zona sur, luego que se conozca los resultados de la \u00faltima [&hellip;]<\/p>\n","protected":false},"author":2,"featured_media":2887,"comment_status":"open","ping_status":"open","sticky":false,"template":"","format":"standard","meta":{"footnotes":""},"categories":[77,78,63,67],"tags":[142],"class_list":["post-2886","post","type-post","status-publish","format-standard","has-post-thumbnail","hentry","category-internacionales","category-nacionales","category-noticias","category-pesqueria","tag-abririan-pesca-de-anchoveta-en-zona-sur-desde-la-milla-3"],"_links":{"self":[{"href":"http:\/\/www.perupesquero.org\/web\/wp-json\/wp\/v2\/posts\/2886","targetHints":{"allow":["GET"]}}],"collection":[{"href":"http:\/\/www.perupesquero.org\/web\/wp-json\/wp\/v2\/posts"}],"about":[{"href":"http:\/\/www.perupesquero.org\/web\/wp-json\/wp\/v2\/types\/post"}],"author":[{"embeddable":true,"href":"http:\/\/www.perupesquero.org\/web\/wp-json\/wp\/v2\/users\/2"}],"replies":[{"embeddable":true,"href":"http:\/\/www.perupesquero.org\/web\/wp-json\/wp\/v2\/comments?post=2886"}],"version-history":[{"count":0,"href":"http:\/\/www.perupesquero.org\/web\/wp-json\/wp\/v2\/posts\/2886\/revisions"}],"wp:featuredmedia":[{"embeddable":true,"href":"http:\/\/www.perupesquero.org\/web\/wp-json\/"}],"wp:attachment":[{"href":"http:\/\/www.perupesquero.org\/web\/wp-json\/wp\/v2\/media?parent=2886"}],"wp:term":[{"taxonomy":"category","embeddable":true,"href":"http:\/\/www.perupesquero.org\/web\/wp-json\/wp\/v2\/categories?post=2886"},{"taxonomy":"post_tag","embeddable":true,"href":"http:\/\/www.perupesquero.org\/web\/wp-json\/wp\/v2\/tags?post=2886"}],"curies":[{"name":"wp","href":"https:\/\/api.w.org\/{rel}","templated":true}]}}