{"id":28790,"date":"2024-04-02T18:13:24","date_gmt":"2024-04-02T23:13:24","guid":{"rendered":"http:\/\/www.perupesquero.org\/web\/?p=28790"},"modified":"2024-04-02T18:13:43","modified_gmt":"2024-04-02T23:13:43","slug":"peru-sergio-gonzales-guerrero-es-el-nuevo-ministro-de-la-produccion","status":"publish","type":"post","link":"http:\/\/www.perupesquero.org\/web\/peru-sergio-gonzales-guerrero-es-el-nuevo-ministro-de-la-produccion\/","title":{"rendered":"Per\u00fa: Sergio Gonz\u00e1les Guerrero es el nuevo ministro de la Producci\u00f3n"},"content":{"rendered":"<p>La presidenta de la Rep\u00fablica, Dina Ercilia Boularte tom\u00f3 juramento a Sergio Gonz\u00e1lez Guerrero como nuevo ministro de la Producci\u00f3n (Produce) en una ceremonia en Palacio de Gobierno donde tambi\u00e9n se design\u00f3 a cinco nuevos ministros.<\/p>\n<p>Gonz\u00e1lez Guerrero reemplaza en el cargo a Ana Mar\u00eda Choquehuanca, quien se desempe\u00f1aba como titular de la Cartera de Producci\u00f3n desde setiembre del 2023.<\/p>\n<p data-mrf-recirculation=\"Enlaces P\u00e1rrafos\">Sergio Gonz\u00e1lez Guerrero, es abogado y tiene experiencia se desempe\u00f1aba en el cargo de Asesor I de la Presidencia Ejecutiva de Sierra y Selva Exportadora, tambi\u00e9n fue gerente general de la Superintendencia Nacional de Fiscalizaci\u00f3n Laboral (<strong>Sunafil<\/strong>).<\/p>\n<p>Foto: Andina<\/p>\n","protected":false},"excerpt":{"rendered":"<p>La presidenta de la Rep\u00fablica, Dina Ercilia Boularte tom\u00f3 juramento a Sergio Gonz\u00e1lez Guerrero como nuevo ministro de la Producci\u00f3n (Produce) en una ceremonia en Palacio de Gobierno donde tambi\u00e9n se design\u00f3 a cinco nuevos ministros. Gonz\u00e1lez Guerrero reemplaza en el cargo a Ana Mar\u00eda Choquehuanca, quien se desempe\u00f1aba como titular de la Cartera de [&hellip;]<\/p>\n","protected":false},"author":2,"featured_media":28791,"comment_status":"open","ping_status":"open","sticky":false,"template":"","format":"standard","meta":{"footnotes":""},"categories":[63],"tags":[],"class_list":["post-28790","post","type-post","status-publish","format-standard","has-post-thumbnail","hentry","category-noticias"],"_links":{"self":[{"href":"http:\/\/www.perupesquero.org\/web\/wp-json\/wp\/v2\/posts\/28790","targetHints":{"allow":["GET"]}}],"collection":[{"href":"http:\/\/www.perupesquero.org\/web\/wp-json\/wp\/v2\/posts"}],"about":[{"href":"http:\/\/www.perupesquero.org\/web\/wp-json\/wp\/v2\/types\/post"}],"author":[{"embeddable":true,"href":"http:\/\/www.perupesquero.org\/web\/wp-json\/wp\/v2\/users\/2"}],"replies":[{"embeddable":true,"href":"http:\/\/www.perupesquero.org\/web\/wp-json\/wp\/v2\/comments?post=28790"}],"version-history":[{"count":2,"href":"http:\/\/www.perupesquero.org\/web\/wp-json\/wp\/v2\/posts\/28790\/revisions"}],"predecessor-version":[{"id":28793,"href":"http:\/\/www.perupesquero.org\/web\/wp-json\/wp\/v2\/posts\/28790\/revisions\/28793"}],"wp:featuredmedia":[{"embeddable":true,"href":"http:\/\/www.perupesquero.org\/web\/wp-json\/wp\/v2\/media\/28791"}],"wp:attachment":[{"href":"http:\/\/www.perupesquero.org\/web\/wp-json\/wp\/v2\/media?parent=28790"}],"wp:term":[{"taxonomy":"category","embeddable":true,"href":"http:\/\/www.perupesquero.org\/web\/wp-json\/wp\/v2\/categories?post=28790"},{"taxonomy":"post_tag","embeddable":true,"href":"http:\/\/www.perupesquero.org\/web\/wp-json\/wp\/v2\/tags?post=28790"}],"curies":[{"name":"wp","href":"https:\/\/api.w.org\/{rel}","templated":true}]}}