{"id":28752,"date":"2024-03-20T20:18:10","date_gmt":"2024-03-21T01:18:10","guid":{"rendered":"http:\/\/www.perupesquero.org\/web\/?p=28752"},"modified":"2024-03-20T20:18:10","modified_gmt":"2024-03-21T01:18:10","slug":"produce-y-devida-firman-convenios-para-fortalecer-la-acuicultura-en-el-vraem","status":"publish","type":"post","link":"http:\/\/www.perupesquero.org\/web\/produce-y-devida-firman-convenios-para-fortalecer-la-acuicultura-en-el-vraem\/","title":{"rendered":"Produce y DEVIDA firman convenios para fortalecer la acuicultura en el VRAEM"},"content":{"rendered":"<p><em><strong>Trabajo interinstitucional permitir\u00e1 beneficiar a 691 acuicultores de las regiones de Ayacucho, Jun\u00edn, Cusco y Hu\u00e1nuco.<\/strong><\/em><\/p>\n<p><em><strong>Asimismo, 375 centros de producci\u00f3n acu\u00edcola contar\u00e1n con habilitaci\u00f3n sanitaria.<\/strong><\/em><\/p>\n<p>El Ministerio de la Producci\u00f3n (Produce) y la Comisi\u00f3n Nacional para el Desarrollo y Vida Sin Drogas (DEVIDA) suscribieron dos importantes convenios de cooperaci\u00f3n interinstitucional que fortalecer\u00e1n el desarrollo de la acuicultura en beneficio de familias vulnerables de Ayacucho, Jun\u00edn, Cusco y Hu\u00e1nuco.<\/p>\n<p><span style=\"font-style: inherit; font-weight: inherit;\">Con la firma de la ministra de la Producci\u00f3n, Ana Mar\u00eda Choquehuanca, y el presidente ejecutivo de DEVIDA, Carlos Figueroa, se concret\u00f3 el primer convenio que permitir\u00e1 beneficiar a 691 acuicultores, a trav\u00e9s del fortalecimiento de las cadenas productivas, desarrollo de modelos asociativos, promoci\u00f3n empresarial, entre otros puntos que buscan elevar la productividad las provincias de Huanta y La Mar en la regi\u00f3n Ayacucho, Satipo en Jun\u00edn, La Convenci\u00f3n en Cusco, y Leoncio Prado y Huamal\u00edes en Hu\u00e1nuco.<\/span><\/p>\n<p><span style=\"font-style: inherit; font-weight: inherit;\">A trav\u00e9s de esta alianza, PRODUCE se compromete a brindar orientaci\u00f3n y asistencia en temas relacionados a la formalizaci\u00f3n acu\u00edcola que estar\u00e1 dirigido al equipo t\u00e9cnico en campo de DEVIDA, quienes ser\u00e1n los encargados de ejecutar la labor de formalizaci\u00f3n en coordinaci\u00f3n con las entidades correspondientes que intervienen en el proceso de formalizaci\u00f3n tales como la ANA y SERNANP para su participaci\u00f3n en la etapa de inducci\u00f3n.<\/span><\/p>\n<p><span style=\"font-style: inherit; font-weight: inherit;\">Por su lado, DEVIDA, implementar\u00e1 acciones para facilitar informaci\u00f3n del Programa de Desarrollo Alternativo Integral y Sostenible con relaci\u00f3n a las intervenciones en desarrollo productivo, asociativo, protecci\u00f3n del medio ambiente entre otros.<\/span><\/p>\n<p><span style=\"font-style: inherit; font-weight: inherit;\">Habilitaci\u00f3n sanitaria de centros de cultivo en el VRAEM\u00a0<\/span><\/p>\n<p><span style=\"font-style: inherit; font-weight: inherit;\">En tanto, el Organismo Nacional de Sanidad Pesquera (Sanipes) y DEVIDA suscribieron un segundo convenio que permitir\u00e1 se habilite sanitariamente 375 centros de producci\u00f3n acu\u00edcola ubicados en el Valle de los r\u00edos Apur\u00edmac, Ene y Mantaro (VRAEM).<\/span><\/p>\n<p><span style=\"font-style: inherit; font-weight: inherit;\">\u00a0<\/span><span style=\"font-style: inherit; font-weight: inherit;\">La firma de esta convenido a cargo de la presidenta ejecutiva de Sanipes, M\u00f3nica Saavedra, y presidente ejecutivo del Consejo Directivo de Devida permitir\u00e1 ampliar la comercializaci\u00f3n de recursos acu\u00edcolas en el mercado nacional y la exportaci\u00f3n a diversos destinos.<\/span><\/p>\n<p><span style=\"font-style: inherit; font-weight: inherit;\">\u00a0<\/span><span style=\"font-style: inherit; font-weight: inherit;\">Ser\u00e1n 310 establecimientos en la categor\u00eda AREL (Acuicultura de Recursos Limitados) que estar\u00e1n en la capacidad de implementar mejoras en su proceso gracias al seguimiento y orientaciones por parte de Sanipes, donde mejorar\u00e1 el manejo sanitario y la productividad.<\/span><\/p>\n<p><span style=\"font-style: inherit; font-weight: inherit;\">\u00a0<\/span><span style=\"font-style: inherit; font-weight: inherit;\">Mientras que, 65 establecimientos en la categor\u00eda AMYPE (Acuicultura de Micro y Peque\u00f1a Empresa) estar\u00e1n en la capacidad de implementar mejoras en su proceso, permiti\u00e9ndoles obtener la habilitaci\u00f3n sanitaria por parte de Sanipes y de esta manera se garantizar\u00e1 las buenas pr\u00e1cticas acu\u00edcolas y la inocuidad de los productos.<\/span><\/p>\n<p><span style=\"font-style: inherit; font-weight: inherit;\">\u00a0<\/span><span style=\"font-style: inherit; font-weight: inherit;\">Asimismo, este trabajo articulado permitir\u00e1 seguir integrando a m\u00e1s familias vulnerables a las diversas actividades productivas que maneja DEVIDA, construyendo una v\u00eda para transitar de una econom\u00eda il\u00edcita hacia una econom\u00eda l\u00edcita, con una visi\u00f3n de mediano y largo plazo, desarrollando su capacidad para emprender e innovar, mejorando su econom\u00eda.<\/span><\/p>\n<p>&nbsp;<\/p>\n<p>Nota de prensa Ministerio de la Producci\u00f3n<\/p>\n","protected":false},"excerpt":{"rendered":"<p>Trabajo interinstitucional permitir\u00e1 beneficiar a 691 acuicultores de las regiones de Ayacucho, Jun\u00edn, Cusco y Hu\u00e1nuco. Asimismo, 375 centros de producci\u00f3n acu\u00edcola contar\u00e1n con habilitaci\u00f3n sanitaria. El Ministerio de la Producci\u00f3n (Produce) y la Comisi\u00f3n Nacional para el Desarrollo y Vida Sin Drogas (DEVIDA) suscribieron dos importantes convenios de cooperaci\u00f3n interinstitucional que fortalecer\u00e1n el desarrollo [&hellip;]<\/p>\n","protected":false},"author":2,"featured_media":28753,"comment_status":"open","ping_status":"open","sticky":false,"template":"","format":"standard","meta":{"footnotes":""},"categories":[63],"tags":[],"class_list":["post-28752","post","type-post","status-publish","format-standard","has-post-thumbnail","hentry","category-noticias"],"_links":{"self":[{"href":"http:\/\/www.perupesquero.org\/web\/wp-json\/wp\/v2\/posts\/28752","targetHints":{"allow":["GET"]}}],"collection":[{"href":"http:\/\/www.perupesquero.org\/web\/wp-json\/wp\/v2\/posts"}],"about":[{"href":"http:\/\/www.perupesquero.org\/web\/wp-json\/wp\/v2\/types\/post"}],"author":[{"embeddable":true,"href":"http:\/\/www.perupesquero.org\/web\/wp-json\/wp\/v2\/users\/2"}],"replies":[{"embeddable":true,"href":"http:\/\/www.perupesquero.org\/web\/wp-json\/wp\/v2\/comments?post=28752"}],"version-history":[{"count":1,"href":"http:\/\/www.perupesquero.org\/web\/wp-json\/wp\/v2\/posts\/28752\/revisions"}],"predecessor-version":[{"id":28754,"href":"http:\/\/www.perupesquero.org\/web\/wp-json\/wp\/v2\/posts\/28752\/revisions\/28754"}],"wp:featuredmedia":[{"embeddable":true,"href":"http:\/\/www.perupesquero.org\/web\/wp-json\/wp\/v2\/media\/28753"}],"wp:attachment":[{"href":"http:\/\/www.perupesquero.org\/web\/wp-json\/wp\/v2\/media?parent=28752"}],"wp:term":[{"taxonomy":"category","embeddable":true,"href":"http:\/\/www.perupesquero.org\/web\/wp-json\/wp\/v2\/categories?post=28752"},{"taxonomy":"post_tag","embeddable":true,"href":"http:\/\/www.perupesquero.org\/web\/wp-json\/wp\/v2\/tags?post=28752"}],"curies":[{"name":"wp","href":"https:\/\/api.w.org\/{rel}","templated":true}]}}