{"id":28737,"date":"2024-03-15T16:28:40","date_gmt":"2024-03-15T21:28:40","guid":{"rendered":"http:\/\/www.perupesquero.org\/web\/?p=28737"},"modified":"2024-03-15T16:29:52","modified_gmt":"2024-03-15T21:29:52","slug":"produce-llevo-6-toneladas-de-pescado-a-precio-de-oferta-a-la-region-ucayali","status":"publish","type":"post","link":"http:\/\/www.perupesquero.org\/web\/produce-llevo-6-toneladas-de-pescado-a-precio-de-oferta-a-la-region-ucayali\/","title":{"rendered":"Produce llev\u00f3 6 toneladas de pescado a precio de oferta a la regi\u00f3n Ucayali"},"content":{"rendered":"<p><em><strong>A trav\u00e9s de la feria Mi Pescader\u00eda, del Programa Nacional A Comer Pescado, se ofert\u00f3 cinco toneladas de bonito y una tonelada de trucha<\/strong><\/em>.<\/p>\n<p>El Ministerio de la Producci\u00f3n (Produce) organiz\u00f3 la feria \u201cMi Pescader\u00eda\u201d en la plaza de Armas de Pucallpa, en la regi\u00f3n Ucayali, llevando un total de seis toneladas de pescado a precio econ\u00f3mico para incentivar el consumo de este producto hidrobiol\u00f3gico.<\/p>\n<p>\u201cHoy estamos inaugurando la feria &#8220;Mi Pescader\u00eda&#8221; del programa A Comer Pescado en Pucallpa, para fomentar el consumo de productos hidrobiol\u00f3gicos en todo el Per\u00fa. Estamos ofertando 5 toneladas de bonito y 1 tonelada de trucha de Huancavelica\u201d, destac\u00f3 la ministra Ana Mar\u00eda Choquehuanca.<\/p>\n<p>La titular de\u00a0Produce\u00a0se\u00f1al\u00f3 que el consumo de pescado es necesario para reducir los \u00edndices de anemia en el pa\u00eds, por lo cual las ferias Mi Pescader\u00eda se realizan en distintas regiones del pa\u00eds, con el objetivo de llegar a las poblaciones m\u00e1s alejadas.<\/p>\n<p>Para este a\u00f1o, a trav\u00e9s del programa A Comer Pescado, se tiene la meta de promocionar en todo el pa\u00eds m\u00e1s de 3100 toneladas de pescado y 2.4 millones de conservas, esperando beneficiar a m\u00e1s de 2 millones 40 mil familias peruanas.<\/p>\n<p>Inauguraci\u00f3n de PescaEduca 2024<\/p>\n<p>De igual manera, la ministra Choquehuanca acudi\u00f3 a la Instituci\u00f3n Educativa Emblem\u00e1tica Faustino Maldonado, donde inaugur\u00f3 a nivel nacional el programa de capacitaci\u00f3n PescaEduca 2024, con la participaci\u00f3n de 700 estudiantes.<\/p>\n<p>\u201cDesde el gobierno de la presidenta Dina Boluarte queremos velar por la salud de los ni\u00f1os y ayudar a sus padres para que les brinden bienestar.<\/p>\n<p>Me da gusto que en PescaEduca los escolares aprendan c\u00f3mo es el proceso de la conservaci\u00f3n de pescado, saber si son de rio o de mar, saber que deben consumir pescado tres veces a la semana, entre otros temas\u201d; asever\u00f3.<\/p>\n<p>La actividad, que se implementar\u00e1 a nivel nacional, busca que ni\u00f1os y adolescentes en edad escolar cambien sus h\u00e1bitos de alimentaci\u00f3n con productos de alto valor nutricional como el pescado, siguiente el objetivo del gobierno de erradicar la anemia en el pa\u00eds.<\/p>\n<p>Nota de prensa Ministerio de la Producci\u00f3n<\/p>\n<p>&nbsp;<\/p>\n","protected":false},"excerpt":{"rendered":"<p>A trav\u00e9s de la feria Mi Pescader\u00eda, del Programa Nacional A Comer Pescado, se ofert\u00f3 cinco toneladas de bonito y una tonelada de trucha. El Ministerio de la Producci\u00f3n (Produce) organiz\u00f3 la feria \u201cMi Pescader\u00eda\u201d en la plaza de Armas de Pucallpa, en la regi\u00f3n Ucayali, llevando un total de seis toneladas de pescado a [&hellip;]<\/p>\n","protected":false},"author":2,"featured_media":28738,"comment_status":"open","ping_status":"open","sticky":false,"template":"","format":"standard","meta":{"footnotes":""},"categories":[63],"tags":[],"class_list":["post-28737","post","type-post","status-publish","format-standard","has-post-thumbnail","hentry","category-noticias"],"_links":{"self":[{"href":"http:\/\/www.perupesquero.org\/web\/wp-json\/wp\/v2\/posts\/28737","targetHints":{"allow":["GET"]}}],"collection":[{"href":"http:\/\/www.perupesquero.org\/web\/wp-json\/wp\/v2\/posts"}],"about":[{"href":"http:\/\/www.perupesquero.org\/web\/wp-json\/wp\/v2\/types\/post"}],"author":[{"embeddable":true,"href":"http:\/\/www.perupesquero.org\/web\/wp-json\/wp\/v2\/users\/2"}],"replies":[{"embeddable":true,"href":"http:\/\/www.perupesquero.org\/web\/wp-json\/wp\/v2\/comments?post=28737"}],"version-history":[{"count":2,"href":"http:\/\/www.perupesquero.org\/web\/wp-json\/wp\/v2\/posts\/28737\/revisions"}],"predecessor-version":[{"id":28740,"href":"http:\/\/www.perupesquero.org\/web\/wp-json\/wp\/v2\/posts\/28737\/revisions\/28740"}],"wp:featuredmedia":[{"embeddable":true,"href":"http:\/\/www.perupesquero.org\/web\/wp-json\/wp\/v2\/media\/28738"}],"wp:attachment":[{"href":"http:\/\/www.perupesquero.org\/web\/wp-json\/wp\/v2\/media?parent=28737"}],"wp:term":[{"taxonomy":"category","embeddable":true,"href":"http:\/\/www.perupesquero.org\/web\/wp-json\/wp\/v2\/categories?post=28737"},{"taxonomy":"post_tag","embeddable":true,"href":"http:\/\/www.perupesquero.org\/web\/wp-json\/wp\/v2\/tags?post=28737"}],"curies":[{"name":"wp","href":"https:\/\/api.w.org\/{rel}","templated":true}]}}