{"id":28705,"date":"2024-03-07T18:48:47","date_gmt":"2024-03-07T23:48:47","guid":{"rendered":"http:\/\/www.perupesquero.org\/web\/?p=28705"},"modified":"2024-03-07T18:48:47","modified_gmt":"2024-03-07T23:48:47","slug":"produce-empresarias-y-emprendedoras-participaran-en-talleres-y-capacitaciones-organizada-por-dia-internacional-de-la-mujer","status":"publish","type":"post","link":"http:\/\/www.perupesquero.org\/web\/produce-empresarias-y-emprendedoras-participaran-en-talleres-y-capacitaciones-organizada-por-dia-internacional-de-la-mujer\/","title":{"rendered":"PRODUCE: Empresarias y emprendedoras participar\u00e1n en talleres y capacitaciones organizada por D\u00eda Internacional de la Mujer"},"content":{"rendered":"<p><em><strong>Estos eventos se realizar\u00e1n en Lima, Ucayali, Loreto, Piura y San Mart\u00edn<\/strong><\/em><\/p>\n<p><em><strong>En el marco\u00a0del D\u00eda Internacional\u00a0de\u00a0la\u00a0Mujer, el\u00a0Ministerio\u00a0de\u00a0la\u00a0Producci\u00f3n (PRODUCE), a trav\u00e9s\u00a0de\u00a0sus distintos programas y organismos adscritos, realizar\u00e1 talleres y capacitaciones entre el 7 y el 8\u00a0de\u00a0marzo.<\/strong><\/em><\/p>\n<p>El Programa Nacional ProInn\u00f3vate\u00a0desarrollar\u00e1, este jueves 7\u00a0de\u00a0marzo (4:00 p.m.), el webinar \u201cInnova como ellas\u201d, con el objetivo\u00a0de\u00a0visibilizar\u00a0las historias\u00a0de\u00a0\u00e9xito\u00a0de\u00a0mujeres l\u00edderes\u00a0de\u00a0mypes y startups\u00a0de\u00a0alto potencial que aportan al\u00a0desarrollo\u00a0de\u00a0nuestro pa\u00eds y representan una inspiraci\u00f3n para otras f\u00e9minas, a trav\u00e9s\u00a0de\u00a0su canal\u00a0de\u00a0<a href=\"https:\/\/www.youtube.com\/@ProInnovatePeru\/streams\">Youtube<\/a>.<\/p>\n<p>Las expositoras ser\u00e1n Mariss\u00e9 Alarc\u00f3n,\u00a0del emprendimiento Bamboo Balance; Carolina S\u00e1nchez,\u00a0de\u00a0la\u00a0empresa Shanantina (San Mart\u00edn); Jessica M\u00e1rquez,\u00a0de\u00a0la\u00a0empresa Nanovida; y Rosa Mar\u00eda Ventura,\u00a0de\u00a0la\u00a0startup Nereuz (Arequipa).<\/p>\n<p>Por su parte, el Instituto Tecnol\u00f3gico\u00a0de\u00a0la\u00a0Producci\u00f3n (ITP) a trav\u00e9s\u00a0de\u00a0su red CITE,\u00a0desarrollar\u00e1\u00a0de\u00a0forma\u00a0descentralizada el 7 y 8\u00a0de\u00a0marzo actividades en\u00a0las regiones\u00a0de\u00a0Ucayali, Loreto, Piura y San Mart\u00edn.<\/p>\n<p>En\u00a0la\u00a0regi\u00f3n Ucayali se llevar\u00e1 acabo el taller: \u201cElaboraci\u00f3n\u00a0de\u00a0bisuter\u00eda a base\u00a0de\u00a0escamas\u00a0de\u00a0paiche\u201d a cargo\u00a0del CITEpesquero Amaz\u00f3nico Pucallpa,\u00a0la\u00a0actividad est\u00e1 programada para el jueves 7\u00a0de\u00a0marzo,\u00a0de\u00a0forma presencial.<\/p>\n<p>El viernes 8, en\u00a0la\u00a0regi\u00f3n Loreto, el CITEproductivo Maynas y\u00a0la\u00a0Municipalidad Distrital\u00a0de\u00a0Bel\u00e9n realizar\u00e1n\u00a0la\u00a0Feria &#8220;Mujer Emprendedora 2024&#8221;, con\u00a0la\u00a0participaci\u00f3n\u00a0de\u00a0micro y peque\u00f1as empresa locales y nacionales.<\/p>\n<p>De\u00a0igual forma,\u00a0la\u00a0regi\u00f3n Piura se suma a\u00a0las festividades a trav\u00e9s\u00a0de\u00a0un colorido pasacalle. El prop\u00f3sito, es reconocer a\u00a0las mujeres que se esfuerzan\u00a0destacando su\u00a0labor en\u00a0las actividades\u00a0de\u00a0pesca y acuicultura, comedores populares, vaso\u00a0de\u00a0leche, entre otros.<\/p>\n<p>Finalmente,\u00a0la\u00a0regi\u00f3n\u00a0de\u00a0San Mart\u00edn se realizar\u00e1 el concurso &#8220;Mejor pareja pishteadora\u00a0de\u00a0paiche&#8221;, que busca conmemorar esta fecha a trav\u00e9s\u00a0de\u00a0la\u00a0participaci\u00f3n en dupla\u00a0de\u00a0la\u00a0t\u00e9cnica\u00a0de\u00a0fileteado (pishetado)\u00a0de\u00a0pescado y evaluar el trabajo en equipo a trav\u00e9s\u00a0del concurso\u00a0de\u00a0pishteado\u00a0de\u00a0pescado.<\/p>\n<p>Capacitaci\u00f3n en pesca y acuicultura<\/p>\n<p>El Fondo Nacional\u00a0de\u00a0Desarrollo Pesquero (Fondepes) organizar\u00e1 un taller\u00a0de\u00a0capacitaci\u00f3n\u00a0denominado &#8220;Fortalecimiento y\u00a0desarrollo\u00a0de\u00a0capacidades en igualdad\u00a0de\u00a0g\u00e9nero y empoderamiento\u00a0de\u00a0las mujeres en\u00a0la\u00a0Pesca Artesanal y\u00a0la\u00a0Acuicultura&#8221;, el cual se realizar\u00e1 el viernes 8\u00a0de\u00a0marzo\u00a0del presente a\u00f1o, a\u00a0las 09:00 a. m., en\u00a0la\u00a0modalidad virtual, a trav\u00e9s\u00a0de\u00a0su\u00a0<a href=\"https:\/\/www.facebook.com\/FONDEPES?locale=es_LA\">Facebook oficial<\/a>.<\/p>\n<p>&nbsp;<\/p>\n<p>Nota de prensa Ministerio de la Producci\u00f3n<\/p>\n<p>&nbsp;<\/p>\n","protected":false},"excerpt":{"rendered":"<p>Estos eventos se realizar\u00e1n en Lima, Ucayali, Loreto, Piura y San Mart\u00edn En el marco\u00a0del D\u00eda Internacional\u00a0de\u00a0la\u00a0Mujer, el\u00a0Ministerio\u00a0de\u00a0la\u00a0Producci\u00f3n (PRODUCE), a trav\u00e9s\u00a0de\u00a0sus distintos programas y organismos adscritos, realizar\u00e1 talleres y capacitaciones entre el 7 y el 8\u00a0de\u00a0marzo. El Programa Nacional ProInn\u00f3vate\u00a0desarrollar\u00e1, este jueves 7\u00a0de\u00a0marzo (4:00 p.m.), el webinar \u201cInnova como ellas\u201d, con el objetivo\u00a0de\u00a0visibilizar\u00a0las historias\u00a0de\u00a0\u00e9xito\u00a0de\u00a0mujeres l\u00edderes\u00a0de\u00a0mypes [&hellip;]<\/p>\n","protected":false},"author":2,"featured_media":28706,"comment_status":"open","ping_status":"open","sticky":false,"template":"","format":"standard","meta":{"footnotes":""},"categories":[63],"tags":[],"class_list":["post-28705","post","type-post","status-publish","format-standard","has-post-thumbnail","hentry","category-noticias"],"_links":{"self":[{"href":"http:\/\/www.perupesquero.org\/web\/wp-json\/wp\/v2\/posts\/28705","targetHints":{"allow":["GET"]}}],"collection":[{"href":"http:\/\/www.perupesquero.org\/web\/wp-json\/wp\/v2\/posts"}],"about":[{"href":"http:\/\/www.perupesquero.org\/web\/wp-json\/wp\/v2\/types\/post"}],"author":[{"embeddable":true,"href":"http:\/\/www.perupesquero.org\/web\/wp-json\/wp\/v2\/users\/2"}],"replies":[{"embeddable":true,"href":"http:\/\/www.perupesquero.org\/web\/wp-json\/wp\/v2\/comments?post=28705"}],"version-history":[{"count":1,"href":"http:\/\/www.perupesquero.org\/web\/wp-json\/wp\/v2\/posts\/28705\/revisions"}],"predecessor-version":[{"id":28707,"href":"http:\/\/www.perupesquero.org\/web\/wp-json\/wp\/v2\/posts\/28705\/revisions\/28707"}],"wp:featuredmedia":[{"embeddable":true,"href":"http:\/\/www.perupesquero.org\/web\/wp-json\/wp\/v2\/media\/28706"}],"wp:attachment":[{"href":"http:\/\/www.perupesquero.org\/web\/wp-json\/wp\/v2\/media?parent=28705"}],"wp:term":[{"taxonomy":"category","embeddable":true,"href":"http:\/\/www.perupesquero.org\/web\/wp-json\/wp\/v2\/categories?post=28705"},{"taxonomy":"post_tag","embeddable":true,"href":"http:\/\/www.perupesquero.org\/web\/wp-json\/wp\/v2\/tags?post=28705"}],"curies":[{"name":"wp","href":"https:\/\/api.w.org\/{rel}","templated":true}]}}