{"id":28693,"date":"2024-03-05T17:42:02","date_gmt":"2024-03-05T22:42:02","guid":{"rendered":"http:\/\/www.perupesquero.org\/web\/?p=28693"},"modified":"2024-03-05T17:42:11","modified_gmt":"2024-03-05T22:42:11","slug":"vacaciones-divertidas-5000-ninos-y-ninas-aprendieron-sobre-los-beneficios-de-comer-pescado-en-taller-de-pesca-vacaciones","status":"publish","type":"post","link":"http:\/\/www.perupesquero.org\/web\/vacaciones-divertidas-5000-ninos-y-ninas-aprendieron-sobre-los-beneficios-de-comer-pescado-en-taller-de-pesca-vacaciones\/","title":{"rendered":"\u00a1Vacaciones divertidas! 5000 ni\u00f1os y ni\u00f1as aprendieron sobre los beneficios de comer pescado en taller de \u201cPesca vacaciones\u201d"},"content":{"rendered":"<p><em><strong>Produce sensibiliz\u00f3\u00a0a ni\u00f1as y ni\u00f1os\u00a0de\u00a06 a 15 a\u00f1os\u00a0de\u00a0La\u00a0Libertad, Cajamarca, Pasco, Hu\u00e1nuco, Arequipa, Lima, Tumbes, Piura, San Mart\u00edn y \u00c1ncash.<\/strong><\/em><\/p>\n<p>En estas vacaciones,\u00a0las ni\u00f1as y ni\u00f1os\u00a0del pa\u00eds aprendieron\u00a0de\u00a0forma divertida sobre los beneficios\u00a0de\u00a0comer pescado para combatir\u00a0la\u00a0anemia, gracias a los talleres educativos gratuitos organizados a nivel nacional por el\u00a0Ministerio\u00a0de\u00a0la\u00a0Producci\u00f3n (Produce).<\/p>\n<p>A trav\u00e9s\u00a0de\u00a0la\u00a0estrategia \u201cPesca vacaciones\u201d, ni\u00f1as, ni\u00f1os y adolescentes, entre los 6 a 15 a\u00f1os, realizaron actividades l\u00fadicas como \u201cminichef\u201d, \u201cexploraci\u00f3n acu\u00e1tica\u201d, \u201cacuarios\u00a0de\u00a0la\u00a0calma\u201d y \u201cmitos y verdades\u00a0del pescado\u201d, dirigidos por el Programa Nacional \u201cA Comer Pescado\u201d.<\/p>\n<p>En esa l\u00ednea, Produce sensibiliz\u00f3 a 5000 participantes en regiones\u00a0de\u00a0La\u00a0Libertad, Cajamarca, Pasco, Hu\u00e1nuco, Arequipa, Lima Metropolitana, Tumbes, Piura, San Mart\u00edn y \u00c1ncash.<\/p>\n<p>Los talleres fomentaron\u00a0la\u00a0conexi\u00f3n con el medio ambiente marino, adem\u00e1s,\u00a0de\u00a0promover estilos\u00a0de\u00a0vida saludables, proporcionando a los escolares una experiencia interactiva y enriquecedora donde puedan aprender sobre\u00a0la\u00a0diversidad\u00a0de\u00a0especies hidrobiol\u00f3gicas.<\/p>\n<p>Los 10\u00a0departamentos seleccionadas para esta iniciativa fueron escogidos estrat\u00e9gicamente, tomando en cuenta criterios como\u00a0las regiones incluidas en el\u00a0Decreto Supremo N.\u00b0 072-2023-PCM, en el marco\u00a0del Fen\u00f3meno El Ni\u00f1o, y su participaci\u00f3n en otras actividades e intervenciones\u00a0del Programa Nacional \u201cA Comer Pescado\u201d.<\/p>\n<p>Los talleres de Pesca Vacaciones se han llevado a cabo en estrecha colaboraci\u00f3n con los gobiernos distritales y locales el objetivo de integrarlos como una opci\u00f3n destacada dentro de las actividades de vacaciones \u00fatiles organizadas por cada municipalidad en su respectivo distrito.<\/p>\n<p>Nota de prensa Ministerio de la Producci\u00f3n<\/p>\n<p>&nbsp;<\/p>\n<p>&nbsp;<\/p>\n","protected":false},"excerpt":{"rendered":"<p>Produce sensibiliz\u00f3\u00a0a ni\u00f1as y ni\u00f1os\u00a0de\u00a06 a 15 a\u00f1os\u00a0de\u00a0La\u00a0Libertad, Cajamarca, Pasco, Hu\u00e1nuco, Arequipa, Lima, Tumbes, Piura, San Mart\u00edn y \u00c1ncash. En estas vacaciones,\u00a0las ni\u00f1as y ni\u00f1os\u00a0del pa\u00eds aprendieron\u00a0de\u00a0forma divertida sobre los beneficios\u00a0de\u00a0comer pescado para combatir\u00a0la\u00a0anemia, gracias a los talleres educativos gratuitos organizados a nivel nacional por el\u00a0Ministerio\u00a0de\u00a0la\u00a0Producci\u00f3n (Produce). A trav\u00e9s\u00a0de\u00a0la\u00a0estrategia \u201cPesca vacaciones\u201d, ni\u00f1as, ni\u00f1os y adolescentes, [&hellip;]<\/p>\n","protected":false},"author":2,"featured_media":28694,"comment_status":"open","ping_status":"open","sticky":false,"template":"","format":"standard","meta":{"footnotes":""},"categories":[63],"tags":[],"class_list":["post-28693","post","type-post","status-publish","format-standard","has-post-thumbnail","hentry","category-noticias"],"_links":{"self":[{"href":"http:\/\/www.perupesquero.org\/web\/wp-json\/wp\/v2\/posts\/28693","targetHints":{"allow":["GET"]}}],"collection":[{"href":"http:\/\/www.perupesquero.org\/web\/wp-json\/wp\/v2\/posts"}],"about":[{"href":"http:\/\/www.perupesquero.org\/web\/wp-json\/wp\/v2\/types\/post"}],"author":[{"embeddable":true,"href":"http:\/\/www.perupesquero.org\/web\/wp-json\/wp\/v2\/users\/2"}],"replies":[{"embeddable":true,"href":"http:\/\/www.perupesquero.org\/web\/wp-json\/wp\/v2\/comments?post=28693"}],"version-history":[{"count":1,"href":"http:\/\/www.perupesquero.org\/web\/wp-json\/wp\/v2\/posts\/28693\/revisions"}],"predecessor-version":[{"id":28695,"href":"http:\/\/www.perupesquero.org\/web\/wp-json\/wp\/v2\/posts\/28693\/revisions\/28695"}],"wp:featuredmedia":[{"embeddable":true,"href":"http:\/\/www.perupesquero.org\/web\/wp-json\/wp\/v2\/media\/28694"}],"wp:attachment":[{"href":"http:\/\/www.perupesquero.org\/web\/wp-json\/wp\/v2\/media?parent=28693"}],"wp:term":[{"taxonomy":"category","embeddable":true,"href":"http:\/\/www.perupesquero.org\/web\/wp-json\/wp\/v2\/categories?post=28693"},{"taxonomy":"post_tag","embeddable":true,"href":"http:\/\/www.perupesquero.org\/web\/wp-json\/wp\/v2\/tags?post=28693"}],"curies":[{"name":"wp","href":"https:\/\/api.w.org\/{rel}","templated":true}]}}