{"id":28670,"date":"2024-02-28T12:01:19","date_gmt":"2024-02-28T17:01:19","guid":{"rendered":"http:\/\/www.perupesquero.org\/web\/?p=28670"},"modified":"2024-02-28T12:01:29","modified_gmt":"2024-02-28T17:01:29","slug":"copernicus-mayores-emisiones-de-incendios-forestales-de-febrero-en-brasil-venezuela-y-bolivia","status":"publish","type":"post","link":"http:\/\/www.perupesquero.org\/web\/copernicus-mayores-emisiones-de-incendios-forestales-de-febrero-en-brasil-venezuela-y-bolivia\/","title":{"rendered":"Copernicus: Mayores emisiones de incendios forestales de febrero en Brasil, Venezuela y Bolivia"},"content":{"rendered":"<p>El Servicio de Vigilancia de la Atm\u00f3sfera de Copernicus (CAMS) ha estado siguiendo las emisiones de los incendios forestales en toda Sudam\u00e9rica, a medida que la temporada de incendios en las regiones tropicales del continente se acerca a su punto \u00e1lgido. En la selva amaz\u00f3nica septentrional, sobre todo en el estado brasile\u00f1o de Roraima, se ha observado una elevada intensidad de los incendios forestales y de las emisiones, lo que ha dado lugar a las mayores emisiones de carbono registradas en febrero desde al menos 2003, no s\u00f3lo en Roraima sino en todo Brasil. Otros pa\u00edses de Sudam\u00e9rica, como Venezuela y Bolivia, tambi\u00e9n registran las emisiones m\u00e1s altas desde 2003 para el mismo periodo.<\/p>\n<p>Seg\u00fan los datos del Sistema Global de Asimilaci\u00f3n de Incendios (GFAS) de CAMS, en la segunda quincena de febrero se detect\u00f3 en toda Sudam\u00e9rica tropical un aumento significativo del n\u00famero de incendios, de su intensidad y de las emisiones estimadas. Las regiones m\u00e1s afectadas han sido el noreste de Venezuela, Bolivia, el estado de Roraima en Brasil y Colombia.<\/p>\n<p>Las emisiones de carbono estimadas por los incendios de Brasil y Venezuela durante febrero (hasta el 27 de febrero) han sido las m\u00e1s altas para el mes en el conjunto de datos del GFAS -que abarca el periodo desde 2003 hasta la actualidad-, con 4,1 y 5,2 megatoneladas de carbono respectivamente. Tambi\u00e9n se han estimado emisiones r\u00e9cord de carbono en Bolivia, con 0,3 megatoneladas de carbono. Cabe se\u00f1alar que la temporada alta de incendios forestales en Bolivia y la regi\u00f3n amaz\u00f3nica en su conjunto suele ser en septiembre y octubre.<\/p>\n<p>Mark Parrington, cient\u00edfico principal del CAMS, comenta: &#8220;Muchas partes de Sudam\u00e9rica han estado experimentando condiciones de sequ\u00eda que han contribuido a aumentar el riesgo de incendios y han dado lugar a los incendios observados. Nuestras previsiones sobre la composici\u00f3n atmosf\u00e9rica muestran tambi\u00e9n que el transporte de humo est\u00e1 cubriendo una amplia zona de la regi\u00f3n y provocando un aumento de la contaminaci\u00f3n atmosf\u00e9rica en las zonas pobladas. Hemos estado monitoreando un aumento en el n\u00famero de incendios, y sus emisiones asociadas durante el pico de la temporada de incendios para las regiones tropicales de Am\u00e9rica del Sur, y tambi\u00e9n m\u00e1s al sur en Bolivia, adem\u00e1s de los incendios ampliamente reportados en Chile y Argentina a principios de febrero &#8220;.<\/p>\n<p>CAMS proporciona informaci\u00f3n actualizada sobre la localizaci\u00f3n, intensidad y emisiones estimadas de los incendios forestales en todo el mundo, incluyendo el seguimiento de su transporte de humo y los impactos en la composici\u00f3n atmosf\u00e9rica. Los datos del CAMS son de libre acceso y pueden servir de ayuda vital en los procesos de toma de decisiones tanto para los ciudadanos como para las empresas y las partes interesadas de los sectores relacionados.<\/p>\n<p>Nota de prensa Copernicus<\/p>\n<p>&nbsp;<\/p>\n","protected":false},"excerpt":{"rendered":"<p>El Servicio de Vigilancia de la Atm\u00f3sfera de Copernicus (CAMS) ha estado siguiendo las emisiones de los incendios forestales en toda Sudam\u00e9rica, a medida que la temporada de incendios en las regiones tropicales del continente se acerca a su punto \u00e1lgido. En la selva amaz\u00f3nica septentrional, sobre todo en el estado brasile\u00f1o de Roraima, se [&hellip;]<\/p>\n","protected":false},"author":2,"featured_media":28671,"comment_status":"open","ping_status":"open","sticky":false,"template":"","format":"standard","meta":{"footnotes":""},"categories":[63],"tags":[],"class_list":["post-28670","post","type-post","status-publish","format-standard","has-post-thumbnail","hentry","category-noticias"],"_links":{"self":[{"href":"http:\/\/www.perupesquero.org\/web\/wp-json\/wp\/v2\/posts\/28670","targetHints":{"allow":["GET"]}}],"collection":[{"href":"http:\/\/www.perupesquero.org\/web\/wp-json\/wp\/v2\/posts"}],"about":[{"href":"http:\/\/www.perupesquero.org\/web\/wp-json\/wp\/v2\/types\/post"}],"author":[{"embeddable":true,"href":"http:\/\/www.perupesquero.org\/web\/wp-json\/wp\/v2\/users\/2"}],"replies":[{"embeddable":true,"href":"http:\/\/www.perupesquero.org\/web\/wp-json\/wp\/v2\/comments?post=28670"}],"version-history":[{"count":1,"href":"http:\/\/www.perupesquero.org\/web\/wp-json\/wp\/v2\/posts\/28670\/revisions"}],"predecessor-version":[{"id":28672,"href":"http:\/\/www.perupesquero.org\/web\/wp-json\/wp\/v2\/posts\/28670\/revisions\/28672"}],"wp:featuredmedia":[{"embeddable":true,"href":"http:\/\/www.perupesquero.org\/web\/wp-json\/wp\/v2\/media\/28671"}],"wp:attachment":[{"href":"http:\/\/www.perupesquero.org\/web\/wp-json\/wp\/v2\/media?parent=28670"}],"wp:term":[{"taxonomy":"category","embeddable":true,"href":"http:\/\/www.perupesquero.org\/web\/wp-json\/wp\/v2\/categories?post=28670"},{"taxonomy":"post_tag","embeddable":true,"href":"http:\/\/www.perupesquero.org\/web\/wp-json\/wp\/v2\/tags?post=28670"}],"curies":[{"name":"wp","href":"https:\/\/api.w.org\/{rel}","templated":true}]}}