{"id":28653,"date":"2024-02-27T12:24:23","date_gmt":"2024-02-27T17:24:23","guid":{"rendered":"http:\/\/www.perupesquero.org\/web\/?p=28653"},"modified":"2024-02-27T15:30:31","modified_gmt":"2024-02-27T20:30:31","slug":"lluvias-en-la-costa-norte-senamhi-informa-que-el-evento-afectara-tumbes-piura-y-lambayeque","status":"publish","type":"post","link":"http:\/\/www.perupesquero.org\/web\/lluvias-en-la-costa-norte-senamhi-informa-que-el-evento-afectara-tumbes-piura-y-lambayeque\/","title":{"rendered":"Lluvias en la costa norte: SENAMHI informa que el evento afectar\u00e1 Tumbes, Piura y Lambayeque"},"content":{"rendered":"<p>El Servicio Nacional de Meteorolog\u00eda e Hidrolog\u00eda del Per\u00fa (Senamhi), organismo adscrito al Minam, informa que la costa norte del Per\u00fa desde este martes 27 hasta el jueves 29 de febrero, presentar\u00e1 lluvias de moderada intensidad de forma localizada. El evento afectar\u00e1 principalmente la zona interior de los departamentos de Tumbes, Piura y Lambayeque.<\/p>\n<p>Especialistas del Senamhi se\u00f1alaron que este evento meteorol\u00f3gico se debe al ingreso de humedad desde la zona ecuatorial y la amazon\u00eda que, sumado a la inestabilidad atmosf\u00e9rica, apoyar\u00eda el desarrollo de nubes y la ocurrencia de lluvias.<\/p>\n<p>El Senamhi, continuar\u00e1 monitoreando e informando oportunamente sobre la evoluci\u00f3n de las condiciones atmosf\u00e9ricas a nivel nacional y en la regi\u00f3n tropical. Se recomienda a la ciudadan\u00eda mantenerse informada a trav\u00e9s de los canales oficiales de la instituci\u00f3n.<\/p>\n<p>Nota de prensa de SENAMHI<\/p>\n<p>&nbsp;<\/p>\n","protected":false},"excerpt":{"rendered":"<p>El Servicio Nacional de Meteorolog\u00eda e Hidrolog\u00eda del Per\u00fa (Senamhi), organismo adscrito al Minam, informa que la costa norte del Per\u00fa desde este martes 27 hasta el jueves 29 de febrero, presentar\u00e1 lluvias de moderada intensidad de forma localizada. El evento afectar\u00e1 principalmente la zona interior de los departamentos de Tumbes, Piura y Lambayeque. Especialistas [&hellip;]<\/p>\n","protected":false},"author":2,"featured_media":28654,"comment_status":"open","ping_status":"open","sticky":false,"template":"","format":"standard","meta":{"footnotes":""},"categories":[63],"tags":[],"class_list":["post-28653","post","type-post","status-publish","format-standard","has-post-thumbnail","hentry","category-noticias"],"_links":{"self":[{"href":"http:\/\/www.perupesquero.org\/web\/wp-json\/wp\/v2\/posts\/28653","targetHints":{"allow":["GET"]}}],"collection":[{"href":"http:\/\/www.perupesquero.org\/web\/wp-json\/wp\/v2\/posts"}],"about":[{"href":"http:\/\/www.perupesquero.org\/web\/wp-json\/wp\/v2\/types\/post"}],"author":[{"embeddable":true,"href":"http:\/\/www.perupesquero.org\/web\/wp-json\/wp\/v2\/users\/2"}],"replies":[{"embeddable":true,"href":"http:\/\/www.perupesquero.org\/web\/wp-json\/wp\/v2\/comments?post=28653"}],"version-history":[{"count":2,"href":"http:\/\/www.perupesquero.org\/web\/wp-json\/wp\/v2\/posts\/28653\/revisions"}],"predecessor-version":[{"id":28657,"href":"http:\/\/www.perupesquero.org\/web\/wp-json\/wp\/v2\/posts\/28653\/revisions\/28657"}],"wp:featuredmedia":[{"embeddable":true,"href":"http:\/\/www.perupesquero.org\/web\/wp-json\/wp\/v2\/media\/28654"}],"wp:attachment":[{"href":"http:\/\/www.perupesquero.org\/web\/wp-json\/wp\/v2\/media?parent=28653"}],"wp:term":[{"taxonomy":"category","embeddable":true,"href":"http:\/\/www.perupesquero.org\/web\/wp-json\/wp\/v2\/categories?post=28653"},{"taxonomy":"post_tag","embeddable":true,"href":"http:\/\/www.perupesquero.org\/web\/wp-json\/wp\/v2\/tags?post=28653"}],"curies":[{"name":"wp","href":"https:\/\/api.w.org\/{rel}","templated":true}]}}