{"id":28595,"date":"2024-02-13T21:34:44","date_gmt":"2024-02-14T02:34:44","guid":{"rendered":"http:\/\/www.perupesquero.org\/web\/?p=28595"},"modified":"2024-02-13T21:34:44","modified_gmt":"2024-02-14T02:34:44","slug":"peru-gerente-comercial-de-pesquera-tasa-es-nombrado-chair-de-goed","status":"publish","type":"post","link":"http:\/\/www.perupesquero.org\/web\/peru-gerente-comercial-de-pesquera-tasa-es-nombrado-chair-de-goed\/","title":{"rendered":"Per\u00fa: Gerente comercial de pesquera TASA es nombrado Chair de GOED"},"content":{"rendered":"<p>Gonzalo C\u00e1ceres, gerente comercial de la pesquera peruana TASA, fue nombrado <em>Chair <\/em>de la Organizaci\u00f3n Global de EPA y DHA Omega-3s (GOED) para el periodo 2024 \u2013 2026 donde, desde el 2018, viene ejerciendo el cargo de miembro de la junta directiva.<\/p>\n<p><em>\u201cRecibo este nombramiento con mucha responsabilidad y entusiasmo por seguir trabajando de la mano de la industria y continuar sumando esfuerzos para potenciar el consumo de EPA y DHA en el mundo. Asimismo, me siento honrado de ser el primer peruano en asumir el cargo de Chair en GOED, un reto muy importante donde volcar\u00e9 mi experiencia trabajando en la industria pesquera peruana, una de las m\u00e1s reconocidas y la mayor exportadora de aceite de pescado Omega -3 en el mundo\u201d coment\u00f3<\/em> Gonzalo C\u00e1ceres despu\u00e9s de su nombramiento.<\/p>\n<p>GOED representa a la industria mundial de Omega-3 EPA y DHA y su misi\u00f3n se basa en aumentar el consumo de Omega-3 EPA y DHA, independientemente de la fuente, y garantizar que sus miembros produzcan productos de calidad en los que los consumidores puedan confiar.<\/p>\n<p>Adem\u00e1s, para obtener m\u00e1s informaci\u00f3n sobre la Organizaci\u00f3n Global para EPA y DHA Omega-3s (GOED) y seguir de cerca sus iniciativas, el p\u00fablico puede visitar la p\u00e1gina web oficial de GOED en <a href=\"http:\/\/www.goedomega3.com\/\">www.goedomega3.com<\/a>. Tambi\u00e9n se puede seguir a GOED en sus principales redes sociales, como Facebook, Twitter y LinkedIn, para mantenerse al tanto de las \u00faltimas noticias, investigaciones y avances en la industria de Omega-3 EPA y DHA.<\/p>\n<p>Nota de prensa pesquera TASA<\/p>\n<p>&nbsp;<\/p>\n<p>&nbsp;<\/p>\n","protected":false},"excerpt":{"rendered":"<p>Gonzalo C\u00e1ceres, gerente comercial de la pesquera peruana TASA, fue nombrado Chair de la Organizaci\u00f3n Global de EPA y DHA Omega-3s (GOED) para el periodo 2024 \u2013 2026 donde, desde el 2018, viene ejerciendo el cargo de miembro de la junta directiva. \u201cRecibo este nombramiento con mucha responsabilidad y entusiasmo por seguir trabajando de la [&hellip;]<\/p>\n","protected":false},"author":2,"featured_media":28596,"comment_status":"open","ping_status":"open","sticky":false,"template":"","format":"standard","meta":{"footnotes":""},"categories":[63],"tags":[],"class_list":["post-28595","post","type-post","status-publish","format-standard","has-post-thumbnail","hentry","category-noticias"],"_links":{"self":[{"href":"http:\/\/www.perupesquero.org\/web\/wp-json\/wp\/v2\/posts\/28595","targetHints":{"allow":["GET"]}}],"collection":[{"href":"http:\/\/www.perupesquero.org\/web\/wp-json\/wp\/v2\/posts"}],"about":[{"href":"http:\/\/www.perupesquero.org\/web\/wp-json\/wp\/v2\/types\/post"}],"author":[{"embeddable":true,"href":"http:\/\/www.perupesquero.org\/web\/wp-json\/wp\/v2\/users\/2"}],"replies":[{"embeddable":true,"href":"http:\/\/www.perupesquero.org\/web\/wp-json\/wp\/v2\/comments?post=28595"}],"version-history":[{"count":1,"href":"http:\/\/www.perupesquero.org\/web\/wp-json\/wp\/v2\/posts\/28595\/revisions"}],"predecessor-version":[{"id":28597,"href":"http:\/\/www.perupesquero.org\/web\/wp-json\/wp\/v2\/posts\/28595\/revisions\/28597"}],"wp:featuredmedia":[{"embeddable":true,"href":"http:\/\/www.perupesquero.org\/web\/wp-json\/wp\/v2\/media\/28596"}],"wp:attachment":[{"href":"http:\/\/www.perupesquero.org\/web\/wp-json\/wp\/v2\/media?parent=28595"}],"wp:term":[{"taxonomy":"category","embeddable":true,"href":"http:\/\/www.perupesquero.org\/web\/wp-json\/wp\/v2\/categories?post=28595"},{"taxonomy":"post_tag","embeddable":true,"href":"http:\/\/www.perupesquero.org\/web\/wp-json\/wp\/v2\/tags?post=28595"}],"curies":[{"name":"wp","href":"https:\/\/api.w.org\/{rel}","templated":true}]}}