{"id":28589,"date":"2024-02-07T16:34:56","date_gmt":"2024-02-07T21:34:56","guid":{"rendered":"http:\/\/www.perupesquero.org\/web\/?p=28589"},"modified":"2024-02-07T16:35:04","modified_gmt":"2024-02-07T21:35:04","slug":"talcahuano-ante-posible-inicio-de-temporada-de-anchoveta-y-sardina-comun-buscan-evitar-malos-olores","status":"publish","type":"post","link":"http:\/\/www.perupesquero.org\/web\/talcahuano-ante-posible-inicio-de-temporada-de-anchoveta-y-sardina-comun-buscan-evitar-malos-olores\/","title":{"rendered":"Talcahuano: Ante posible inicio de temporada de anchoveta y sardina com\u00fan buscan evitar malos olores"},"content":{"rendered":"<p>La Direcci\u00f3n de Medio Ambiente de la municipalidad de Talcahuano lider\u00f3 una mesa de trabajo con distintos actores del sector pesquero, con el fin de enfrentar la temporada de pesca de la sardina com\u00fan y anchoveta, que podr\u00eda adelantarse para mediados de febrero, y evitar as\u00ed, malos olores, se inform\u00f3.<\/p>\n<p>En relaci\u00f3n a la jornada de trabajo realizada,<strong>\u00a0<\/strong>la directora de Medio Ambiente<strong>,\u00a0<\/strong><em>Solange Jara<\/em><strong>,<\/strong>\u00a0detall\u00f3 que la idea es \u201ccoordinar y prevenir incidentes que han ocurrido a\u00f1os anteriores en la comuna, producto de la producci\u00f3n de harina de pescado en base a estos recursos hidrobiol\u00f3gicos\u201d.<\/p>\n<p>En este sentido, los gremios industriales y artesanales se mostraron comprometidos para lograr este objetivo.<\/p>\n<p>\u201cEs muy positivo, porque esto requiere de la voluntad y el compromiso de todos quienes participamos del sector pesquero, para tener el menor impacto en la comunidad\u201d, sostuvo la presidenta de Pescadores Industriales del Biob\u00edo<strong>,\u00a0<\/strong><em>Macarena Cepeda<\/em>.<\/p>\n<p>Asimismo,\u00a0la representante del sector artesanal y presidenta de AG Conapesca Chile<strong>,\u00a0<\/strong><em>Victoria Rubio<\/em>, enfatiz\u00f3 en que \u201ctodas las personas del tema pesquero estamos preocupados porque nuestra actividad no genere inconvenientes a la poblaci\u00f3n\u201d.<\/p>\n<p>Adelanto temporada<\/p>\n<p>La extracci\u00f3n de la sardina com\u00fan y anchoveta est\u00e1 proyectada, com\u00fanmente, para marzo, sin embargo, este a\u00f1o se podr\u00eda adelantar a\u00a0<em>mediados de febrero<\/em>, lo que deja poco margen log\u00edstico ante la gran cantidad de embarcaciones que esperan el inicio de este periodo.<\/p>\n<p>Los olores provenientes de la actividad tienen su origen en el procesamiento del recurso, que pasa un periodo de detenci\u00f3n debido a la gran cantidad de embarcaciones que esperan la certificaci\u00f3n para desembarcar.<\/p>\n<p>Por esta raz\u00f3n, se indic\u00f3,se contempla un trabajo coordinado de parte de los gremios y las organizaciones pertinentes.<\/p>\n<p>\u201cNosotros tenemos participaci\u00f3n directa en el tema de la certificaci\u00f3n de los desembarques y ah\u00ed es donde hemos puesto nuestro centro, en formas de fortalecer la certificaci\u00f3n de manera permanente y bien en el tiempo\u201d, concluy\u00f3\u00a0<em>Sergio Flores<\/em><strong>, <\/strong>representante de Servicio Nacional de Pesca y Acuicultura\u00a0(Sernapesca).<\/p>\n<p>Fuente: Municipa\u00f1idad de Talcahuano<\/p>\n<p>&nbsp;<\/p>\n<p>&nbsp;<\/p>\n","protected":false},"excerpt":{"rendered":"<p>La Direcci\u00f3n de Medio Ambiente de la municipalidad de Talcahuano lider\u00f3 una mesa de trabajo con distintos actores del sector pesquero, con el fin de enfrentar la temporada de pesca de la sardina com\u00fan y anchoveta, que podr\u00eda adelantarse para mediados de febrero, y evitar as\u00ed, malos olores, se inform\u00f3. En relaci\u00f3n a la jornada [&hellip;]<\/p>\n","protected":false},"author":2,"featured_media":28590,"comment_status":"open","ping_status":"open","sticky":false,"template":"","format":"standard","meta":{"footnotes":""},"categories":[63],"tags":[],"class_list":["post-28589","post","type-post","status-publish","format-standard","has-post-thumbnail","hentry","category-noticias"],"_links":{"self":[{"href":"http:\/\/www.perupesquero.org\/web\/wp-json\/wp\/v2\/posts\/28589","targetHints":{"allow":["GET"]}}],"collection":[{"href":"http:\/\/www.perupesquero.org\/web\/wp-json\/wp\/v2\/posts"}],"about":[{"href":"http:\/\/www.perupesquero.org\/web\/wp-json\/wp\/v2\/types\/post"}],"author":[{"embeddable":true,"href":"http:\/\/www.perupesquero.org\/web\/wp-json\/wp\/v2\/users\/2"}],"replies":[{"embeddable":true,"href":"http:\/\/www.perupesquero.org\/web\/wp-json\/wp\/v2\/comments?post=28589"}],"version-history":[{"count":1,"href":"http:\/\/www.perupesquero.org\/web\/wp-json\/wp\/v2\/posts\/28589\/revisions"}],"predecessor-version":[{"id":28591,"href":"http:\/\/www.perupesquero.org\/web\/wp-json\/wp\/v2\/posts\/28589\/revisions\/28591"}],"wp:featuredmedia":[{"embeddable":true,"href":"http:\/\/www.perupesquero.org\/web\/wp-json\/wp\/v2\/media\/28590"}],"wp:attachment":[{"href":"http:\/\/www.perupesquero.org\/web\/wp-json\/wp\/v2\/media?parent=28589"}],"wp:term":[{"taxonomy":"category","embeddable":true,"href":"http:\/\/www.perupesquero.org\/web\/wp-json\/wp\/v2\/categories?post=28589"},{"taxonomy":"post_tag","embeddable":true,"href":"http:\/\/www.perupesquero.org\/web\/wp-json\/wp\/v2\/tags?post=28589"}],"curies":[{"name":"wp","href":"https:\/\/api.w.org\/{rel}","templated":true}]}}