{"id":28555,"date":"2024-01-31T07:47:09","date_gmt":"2024-01-31T12:47:09","guid":{"rendered":"http:\/\/www.perupesquero.org\/web\/?p=28555"},"modified":"2024-01-31T07:48:41","modified_gmt":"2024-01-31T12:48:41","slug":"en-pleno-nino-debil-por-que-se-calento-el-mar-frente-a-la-costa-central-del-peru","status":"publish","type":"post","link":"http:\/\/www.perupesquero.org\/web\/en-pleno-nino-debil-por-que-se-calento-el-mar-frente-a-la-costa-central-del-peru\/","title":{"rendered":"En pleno Ni\u00f1o d\u00e9bil \u00bfpor qu\u00e9 se calent\u00f3 el mar frente a la costa central del Per\u00fa?"},"content":{"rendered":"<p>Las anomal\u00edas en el \u00e1rea Ni\u00f1o 1+2 (frente a la costa de Per\u00fa y Ecuador) a fines de enero son de 0.7\u00b0C (condiciones entre Ni\u00f1o d\u00e9bil y verano normal). Para nadie es secreto que, desde mediados del 2023, se publicitaban pron\u00f3sticos alarmistas de entidades oficiales y no oficiales que llegar\u00eda un evento El Ni\u00f1o extremo a las costas de Per\u00fa, que involucrar\u00eda fuertes lluvias y huaycos como sucedi\u00f3 en 1983 y1998; sin embargo, Perupesquero en forma conjunta con sus asesores cient\u00edficos fueron muy claros en informar que de ninguna manera se experimentar\u00eda un evento intenso en nuestro territorio, tal como se viene observando en la actualidad.<\/p>\n<p><strong>Desde mediados de enero del 2024 se observa un calentamiento entre 2 \u00b0C y 3 \u00b0C en la costa central del Per\u00fa \u00bfqu\u00e9 est\u00e1 pasando?<\/strong><\/p>\n<p>La Oficina Nacional de Administraci\u00f3n Oce\u00e1nica y Atmosf\u00e9rica\u00a0(NOAA, por sus siglas en ingles), en su \u00faltimo bolet\u00edn del 29 de enero del presente a\u00f1o, ha publicado que las condiciones de El Ni\u00f1o en sus diferentes \u00e1reas han cambiado, al punto que en la regi\u00f3n Ni\u00f1o 1+2, las anomal\u00edas se redujeron a +0.7\u00b0C, mientras que las temperaturas del mar contin\u00faan en 25. 7\u00b0C (\u00faltimas tres semanas).<\/p>\n<p>Si bien es cierto, la informaci\u00f3n que brinda la NOAA nos tranquiliza mucho; sin embargo, otra es la data que ofrece la Direcci\u00f3n de Hidrograf\u00eda y Navegaci\u00f3n del Departamento de Oceanograf\u00eda de la Marina de Guerra del Per\u00fa (bolet\u00edn 30 de enero, https:\/\/www.dhn.mil.pe\/portal\/boletin-diario-condiciones-oceanograficas), donde se aprecia el aumento de las anomal\u00edas de temperaturas de mar, en la zona central de Per\u00fa, \u00a0por ejemplo, el d\u00eda 29 de enero, Chimbote present\u00f3 24.0\u00b0C (TSM), +2.2\u00b0C, asimismo, Callao 19.4\u00b0C (TSM), \u00a0+3.1\u00b0C.<\/p>\n<p><strong>\u00a0<\/strong><\/p>\n<p><strong>Calentamiento <\/strong><\/p>\n<p>La respuesta. Seg\u00fan los expertos de Perupesquero sugieren que el ingreso de aguas m\u00e1s c\u00e1lidas, provenientes de la zona Noroeste con salinidades mayores a 35.10 est\u00e1n generando este calentamiento inesperado en el mar de Grau, proceso que seguir\u00e1 siendo observado en detalle.<\/p>\n<p>Para mayor explicaci\u00f3n ofrecemos dos videos, trabajados por el circulo de Investigaci\u00f3n Oceanogr\u00e1fica Challenger (CIO-Challenger) de la universidad nacional Agraria La Molina, basados en la informaci\u00f3n de Copernicus y en la cual se aprecia:<\/p>\n<p><strong>1<\/strong>.- Variaci\u00f3n diaria de las temperaturas de mar, donde se observa que aguas con temperaturas de hasta 26\u00b0C se han acercado hasta las 60 millas, frente a la costa central del Per\u00fa.<br \/>\n<iframe loading=\"lazy\" title=\"YouTube video player\" src=\"https:\/\/www.youtube.com\/embed\/YTqkcf4kuGA?si=palGNsfTMoJWWyNu\" width=\"100%\" height=\"450\" frameborder=\"0\" allowfullscreen=\"allowfullscreen\"><\/iframe><\/p>\n<p><strong>2.-<\/strong>Variaci\u00f3n diaria de la salinidad de mar, durante el mes de enero 2024, donde se resalta con color amarillo las salinidades mayores a 35.10, que corresponde a las aguas SUBTROPICALES SUPERFICIALES (aguas oce\u00e1nicas)<br \/>\n<iframe loading=\"lazy\" title=\"YouTube video player\" src=\"https:\/\/www.youtube.com\/embed\/aAfbX9SuoyE?si=palGNsfTMoJWWyNu\" width=\"100%\" height=\"450\" frameborder=\"0\" allowfullscreen=\"allowfullscreen\"><span data-mce-type=\"bookmark\" style=\"display: inline-block; width: 0px; overflow: hidden; line-height: 0;\" class=\"mce_SELRES_start\">\ufeff<\/span><\/iframe><\/p>\n<p>&nbsp;<\/p>\n","protected":false},"excerpt":{"rendered":"<p>Las anomal\u00edas en el \u00e1rea Ni\u00f1o 1+2 (frente a la costa de Per\u00fa y Ecuador) a fines de enero son de 0.7\u00b0C (condiciones entre Ni\u00f1o d\u00e9bil y verano normal). Para nadie es secreto que, desde mediados del 2023, se publicitaban pron\u00f3sticos alarmistas de entidades oficiales y no oficiales que llegar\u00eda un evento El Ni\u00f1o extremo [&hellip;]<\/p>\n","protected":false},"author":2,"featured_media":28557,"comment_status":"open","ping_status":"open","sticky":false,"template":"","format":"standard","meta":{"footnotes":""},"categories":[63],"tags":[],"class_list":["post-28555","post","type-post","status-publish","format-standard","has-post-thumbnail","hentry","category-noticias"],"_links":{"self":[{"href":"http:\/\/www.perupesquero.org\/web\/wp-json\/wp\/v2\/posts\/28555","targetHints":{"allow":["GET"]}}],"collection":[{"href":"http:\/\/www.perupesquero.org\/web\/wp-json\/wp\/v2\/posts"}],"about":[{"href":"http:\/\/www.perupesquero.org\/web\/wp-json\/wp\/v2\/types\/post"}],"author":[{"embeddable":true,"href":"http:\/\/www.perupesquero.org\/web\/wp-json\/wp\/v2\/users\/2"}],"replies":[{"embeddable":true,"href":"http:\/\/www.perupesquero.org\/web\/wp-json\/wp\/v2\/comments?post=28555"}],"version-history":[{"count":1,"href":"http:\/\/www.perupesquero.org\/web\/wp-json\/wp\/v2\/posts\/28555\/revisions"}],"predecessor-version":[{"id":28558,"href":"http:\/\/www.perupesquero.org\/web\/wp-json\/wp\/v2\/posts\/28555\/revisions\/28558"}],"wp:featuredmedia":[{"embeddable":true,"href":"http:\/\/www.perupesquero.org\/web\/wp-json\/wp\/v2\/media\/28557"}],"wp:attachment":[{"href":"http:\/\/www.perupesquero.org\/web\/wp-json\/wp\/v2\/media?parent=28555"}],"wp:term":[{"taxonomy":"category","embeddable":true,"href":"http:\/\/www.perupesquero.org\/web\/wp-json\/wp\/v2\/categories?post=28555"},{"taxonomy":"post_tag","embeddable":true,"href":"http:\/\/www.perupesquero.org\/web\/wp-json\/wp\/v2\/tags?post=28555"}],"curies":[{"name":"wp","href":"https:\/\/api.w.org\/{rel}","templated":true}]}}