{"id":28540,"date":"2024-01-26T15:34:15","date_gmt":"2024-01-26T20:34:15","guid":{"rendered":"http:\/\/www.perupesquero.org\/web\/?p=28540"},"modified":"2024-01-26T15:34:15","modified_gmt":"2024-01-26T20:34:15","slug":"dia-mundial-del-pescador-produce-presenta-emprendimientos-de-pescadores-y-acuicultores","status":"publish","type":"post","link":"http:\/\/www.perupesquero.org\/web\/dia-mundial-del-pescador-produce-presenta-emprendimientos-de-pescadores-y-acuicultores\/","title":{"rendered":"D\u00eda Mundial del Pescador: Produce presenta emprendimientos de pescadores y acuicultores"},"content":{"rendered":"<p><em><strong>Ministra de la Producci\u00f3n resalt\u00f3 el compromiso de su sector para trabajar en pr\u00e1cticas de pesca responsable y la lucha contra la contaminaci\u00f3n marina.\u00a0<\/strong><\/em><\/p>\n<p>En el marco del \u201cD\u00eda Mundial del Pescador\u201d, la ministra de la Producci\u00f3n, Ana Mar\u00eda Choquehuanca, inaugur\u00f3 en el Callao la feria de emprendimiento \u201cPesca con valor\u201d, que busca fomentar la comercializaci\u00f3n de productos hidrobiol\u00f3gicos elaborados por pescadores artesanales y productores acu\u00edcolas con el fin de contribuir al desarrollo de una econom\u00eda sostenible.<\/p>\n<p>\u201cLa pesca no es simplemente un trabajo, es un estilo de vida, una tradici\u00f3n que se ha transmitido de generaci\u00f3n en generaci\u00f3n, y que ha moldeado culturas y comunidades en todo el mundo, incluyendo nuestro hermoso Per\u00fa. (\u2026) Desde el Gobierno que lidera nuestra presidenta Dina Boluarte queremos proteger a las poblaciones que m\u00e1s lo necesitan. Nosotros trabajamos para ustedes.\u201d, se\u00f1al\u00f3 la ministra Choquehuanca.<\/p>\n<p>Asimismo, en la actividad, la titular del Ministerio de la Producci\u00f3n (Produce) destac\u00f3 la labor fundamental de trabajar en sociedad para asegurar la sostenibilidad de nuestros oc\u00e9anos. \u201cDebemos promover pr\u00e1cticas de pesca responsable y luchar contra la contaminaci\u00f3n marina, solo as\u00ed podremos garantizar que la pesca contin\u00fae siendo una fuente de vida para las generaciones futuras\u201d, expres\u00f3.<\/p>\n<p>Adem\u00e1s de la feria, en la actividad se reconoci\u00f3 a los actores de la pesca por su compromiso con las buenas pr\u00e1cticas pesqueras, respaldadas por la Ley General de Pesca y estudios cient\u00edficos de organismos competentes, las mismas que contribuyen significativamente a la conservaci\u00f3n y sostenibilidad de los recursos hidrobiol\u00f3gicos, especialmente considerando que el mar peruano es reconocido como el m\u00e1s productivo del mundo.<\/p>\n<p><strong>\u201cPesca con valor\u201d metas en 2024\u00a0<\/strong><\/p>\n<p>Es importante mencionar que \u201cPesca con valor\u201d es una estrategia del Programa Nacional &#8220;A Comer Pescado&#8221; (PNACP) que busca impulsar la diversificaci\u00f3n productiva de recursos hidrobiol\u00f3gicos como el fileteado, ahumado, envasado al vac\u00edo, salado, conservas, entre otros. Ofrece una variedad de productos para abordar diferentes segmentos del mercado.<\/p>\n<p>Para el 2024, el PNACP se propone ampliar su alcance, buscando capacitar a m\u00e1s pescadores a nivel nacional, consolidando as\u00ed su compromiso con el desarrollo sostenible del sector pesquero en el Per\u00fa.<\/p>\n<p>Nota de prensa Ministerio de la Producci\u00f3n<\/p>\n","protected":false},"excerpt":{"rendered":"<p>Ministra de la Producci\u00f3n resalt\u00f3 el compromiso de su sector para trabajar en pr\u00e1cticas de pesca responsable y la lucha contra la contaminaci\u00f3n marina.\u00a0 En el marco del \u201cD\u00eda Mundial del Pescador\u201d, la ministra de la Producci\u00f3n, Ana Mar\u00eda Choquehuanca, inaugur\u00f3 en el Callao la feria de emprendimiento \u201cPesca con valor\u201d, que busca fomentar la [&hellip;]<\/p>\n","protected":false},"author":2,"featured_media":28541,"comment_status":"open","ping_status":"open","sticky":false,"template":"","format":"standard","meta":{"footnotes":""},"categories":[63],"tags":[],"class_list":["post-28540","post","type-post","status-publish","format-standard","has-post-thumbnail","hentry","category-noticias"],"_links":{"self":[{"href":"http:\/\/www.perupesquero.org\/web\/wp-json\/wp\/v2\/posts\/28540","targetHints":{"allow":["GET"]}}],"collection":[{"href":"http:\/\/www.perupesquero.org\/web\/wp-json\/wp\/v2\/posts"}],"about":[{"href":"http:\/\/www.perupesquero.org\/web\/wp-json\/wp\/v2\/types\/post"}],"author":[{"embeddable":true,"href":"http:\/\/www.perupesquero.org\/web\/wp-json\/wp\/v2\/users\/2"}],"replies":[{"embeddable":true,"href":"http:\/\/www.perupesquero.org\/web\/wp-json\/wp\/v2\/comments?post=28540"}],"version-history":[{"count":1,"href":"http:\/\/www.perupesquero.org\/web\/wp-json\/wp\/v2\/posts\/28540\/revisions"}],"predecessor-version":[{"id":28542,"href":"http:\/\/www.perupesquero.org\/web\/wp-json\/wp\/v2\/posts\/28540\/revisions\/28542"}],"wp:featuredmedia":[{"embeddable":true,"href":"http:\/\/www.perupesquero.org\/web\/wp-json\/wp\/v2\/media\/28541"}],"wp:attachment":[{"href":"http:\/\/www.perupesquero.org\/web\/wp-json\/wp\/v2\/media?parent=28540"}],"wp:term":[{"taxonomy":"category","embeddable":true,"href":"http:\/\/www.perupesquero.org\/web\/wp-json\/wp\/v2\/categories?post=28540"},{"taxonomy":"post_tag","embeddable":true,"href":"http:\/\/www.perupesquero.org\/web\/wp-json\/wp\/v2\/tags?post=28540"}],"curies":[{"name":"wp","href":"https:\/\/api.w.org\/{rel}","templated":true}]}}