{"id":2851,"date":"2014-12-16T19:23:37","date_gmt":"2014-12-17T00:23:37","guid":{"rendered":"http:\/\/www.perupesquero.org\/?p=2851"},"modified":"2014-12-16T19:23:37","modified_gmt":"2014-12-17T00:23:37","slug":"hoy-se-inicia-veda-reproductiva-de-langostino-a-nivel-nacional","status":"publish","type":"post","link":"http:\/\/www.perupesquero.org\/web\/hoy-se-inicia-veda-reproductiva-de-langostino-a-nivel-nacional\/","title":{"rendered":"Hoy se inicia veda reproductiva de Langostino a nivel nacional"},"content":{"rendered":"<p style=\"text-align: justify;\">Hoy se inici\u00f3 la temporada de veda de Langostino a nivel nacional, con el objetivo de salvaguardar a este importante recurso marino durante su \u00e9poca reproductiva, record\u00f3 el Ministerio de la Producci\u00f3n (PRODUCE).<\/p>\n<p style=\"text-align: justify;\">Indic\u00f3 que esta medida regir\u00e1 hasta el pr\u00f3ximo 15 de febrero tal como se indica en la Resoluci\u00f3n Ministerial N\u00b0 305-2004-Produce, donde se detalla la prohibici\u00f3n de la extracci\u00f3n de Langostino de los ambientes marinos y canales de marea.<\/p>\n<p style=\"text-align: justify;\">Del mismo modo, se\u00f1al\u00f3 que queda impedido su desembarque, transporte, retenci\u00f3n, transformaci\u00f3n, utilizaci\u00f3n y consumo proveniente del medio natural a nivel nacional.<\/p>\n<p style=\"text-align: justify;\">Cabe resaltar que las personas naturales y jur\u00eddicas que a la fecha cuenten con un stock de Langostino, deber\u00e1n comercializarlo en un plazo de cinco d\u00edas, previa presentaci\u00f3n de una declaraci\u00f3n jurada a la Direcci\u00f3n Nacional de Extracci\u00f3n y Producci\u00f3n Pesquera para Consumo Humano Directo o a la Direcci\u00f3n Regional con competencia pesquera correspondiente.<\/p>\n<p style=\"text-align: justify;\"><em>&#8220;Aquellas personas naturales y jur\u00eddicas que no cumplan con esta disposici\u00f3n ser\u00e1n sancionadas conforme a lo dispuesto en la Ley General de Pesca y dem\u00e1s disposiciones legales vigentes&#8221;<\/em>, asever\u00f3.<\/p>\n<p style=\"text-align: justify;\"><strong>FUENTE:<\/strong> Andina.com.pe<\/p>\n","protected":false},"excerpt":{"rendered":"<p>Hoy se inici\u00f3 la temporada de veda de Langostino a nivel nacional, con el objetivo de salvaguardar a este importante recurso marino durante su \u00e9poca reproductiva, record\u00f3 el Ministerio de la Producci\u00f3n (PRODUCE). Indic\u00f3 que esta medida regir\u00e1 hasta el pr\u00f3ximo 15 de febrero tal como se indica en la Resoluci\u00f3n Ministerial N\u00b0 305-2004-Produce, donde [&hellip;]<\/p>\n","protected":false},"author":2,"featured_media":0,"comment_status":"open","ping_status":"open","sticky":false,"template":"","format":"standard","meta":{"footnotes":""},"categories":[78,63,67],"tags":[544,1040,1512,1846],"class_list":["post-2851","post","type-post","status-publish","format-standard","hentry","category-nacionales","category-noticias","category-pesqueria","tag-consumo-humano-directo","tag-langostino","tag-produce","tag-veda"],"_links":{"self":[{"href":"http:\/\/www.perupesquero.org\/web\/wp-json\/wp\/v2\/posts\/2851","targetHints":{"allow":["GET"]}}],"collection":[{"href":"http:\/\/www.perupesquero.org\/web\/wp-json\/wp\/v2\/posts"}],"about":[{"href":"http:\/\/www.perupesquero.org\/web\/wp-json\/wp\/v2\/types\/post"}],"author":[{"embeddable":true,"href":"http:\/\/www.perupesquero.org\/web\/wp-json\/wp\/v2\/users\/2"}],"replies":[{"embeddable":true,"href":"http:\/\/www.perupesquero.org\/web\/wp-json\/wp\/v2\/comments?post=2851"}],"version-history":[{"count":0,"href":"http:\/\/www.perupesquero.org\/web\/wp-json\/wp\/v2\/posts\/2851\/revisions"}],"wp:attachment":[{"href":"http:\/\/www.perupesquero.org\/web\/wp-json\/wp\/v2\/media?parent=2851"}],"wp:term":[{"taxonomy":"category","embeddable":true,"href":"http:\/\/www.perupesquero.org\/web\/wp-json\/wp\/v2\/categories?post=2851"},{"taxonomy":"post_tag","embeddable":true,"href":"http:\/\/www.perupesquero.org\/web\/wp-json\/wp\/v2\/tags?post=2851"}],"curies":[{"name":"wp","href":"https:\/\/api.w.org\/{rel}","templated":true}]}}