{"id":28492,"date":"2024-01-17T17:00:35","date_gmt":"2024-01-17T22:00:35","guid":{"rendered":"http:\/\/www.perupesquero.org\/web\/?p=28492"},"modified":"2024-01-17T17:00:35","modified_gmt":"2024-01-17T22:00:35","slug":"chile-pescadores-artesanales-piden-en-ley-de-pesca-100-de-la-cuota-de-sardina-por-estar-en-sus-5-millas-de-reserva","status":"publish","type":"post","link":"http:\/\/www.perupesquero.org\/web\/chile-pescadores-artesanales-piden-en-ley-de-pesca-100-de-la-cuota-de-sardina-por-estar-en-sus-5-millas-de-reserva\/","title":{"rendered":"Chile: Pescadores artesanales piden en Ley de pesca 100% de la cuota de sardina por estar en sus 5 millas de reserva"},"content":{"rendered":"<p>Organizaciones de pescadores artesanales de Chile se reunieron con el Ministro de Econom\u00eda, Nicol\u00e1s Grau, y el subsecretario de Pesca, Julio Salas, para expresar sus demandas, entre las que se encuentra que la nueva Ley de Pesca les asigne el 100% de la cuota de sardina, que se encuentra dentro de las 5 millas de reserva exclusiva para su sector, bajo el argumento de que esta debe corresponder a quien realiza el esfuerzo de captura.<\/p>\n<p>En el encuentro, que se realiz\u00f3 en el\u00a0<strong>Ministerio de Econom\u00eda<\/strong>\u00a0en Santiago, participaron el presidente del<strong>\u00a0<\/strong><strong>Consejo Nacional para la Defensa del Patrimonio Pesquero<\/strong>\u00a0(CONDEPP),\u00a0<strong>Hern\u00e1n Cort\u00e9s<\/strong>, la presidenta de la\u00a0<strong>Corporaci\u00f3n Nacional de Mujeres de la Pesca Artesanal<\/strong><strong>,\u00a0<\/strong><strong>Sara Garrido<\/strong>, y otros dirigentes de ambos organismos.<\/p>\n<p>Los\u00a0<strong>pescadores artesanales<\/strong>\u00a0solicitaron que se les informara sobre los contenidos del proyecto de Ley y que se consideraran sus puntos de vista en el proceso legislativo.<\/p>\n<p>Entre sus principales demandas, destacaron el\u00a0<strong>fraccionamiento de la sardina<\/strong>, que, seg\u00fan ellos,\u00a0<strong>debe ser 100% artesanal<\/strong>, ya que este recurso se encuentra dentro de las\u00a0<strong>5<\/strong> <strong>millas de reserva exclusiva para su sector<\/strong><strong>.<\/strong><\/p>\n<p>Cort\u00e9s argument\u00f3 que la asignaci\u00f3n de la c<strong>uota de sardina debe corresponder a quien realiza el esfuerzo de captura<\/strong>, y que no hay raz\u00f3n para que se les prive del 100% de la misma. Adem\u00e1s, asegur\u00f3 que el\u00a0<strong>subsecretario Salas<\/strong>\u00a0estuvo de acuerdo con esta postura.<\/p>\n<p>Garrido, por su parte, enfatiz\u00f3 la importancia del reconocimiento al trabajo de las mujeres de mar en la nueva\u00a0<strong>Ley de Pesca<\/strong>, y se\u00f1al\u00f3 que son un eslab\u00f3n fundamental para la actividad.<\/p>\n<p>A su vez, los dirigentes expresaron su conformidad con el\u00a0<strong>presidente Boric<\/strong>\u00a0por haber cumplido su compromiso de presentar el proyecto de Ley de pesa en el 2023, y manifestaron su disposici\u00f3n a dialogar y colaborar con las autoridades para lograr una normativa m\u00e1s equitativa, transparente y sostenible para el\u00a0<strong>sector pesquero artesanal<\/strong>.<\/p>\n<p>Fuente: www.eldesconcierto.cl<\/p>\n<p>&nbsp;<\/p>\n","protected":false},"excerpt":{"rendered":"<p>Organizaciones de pescadores artesanales de Chile se reunieron con el Ministro de Econom\u00eda, Nicol\u00e1s Grau, y el subsecretario de Pesca, Julio Salas, para expresar sus demandas, entre las que se encuentra que la nueva Ley de Pesca les asigne el 100% de la cuota de sardina, que se encuentra dentro de las 5 millas de [&hellip;]<\/p>\n","protected":false},"author":2,"featured_media":28493,"comment_status":"open","ping_status":"open","sticky":false,"template":"","format":"standard","meta":{"footnotes":""},"categories":[63],"tags":[],"class_list":["post-28492","post","type-post","status-publish","format-standard","has-post-thumbnail","hentry","category-noticias"],"_links":{"self":[{"href":"http:\/\/www.perupesquero.org\/web\/wp-json\/wp\/v2\/posts\/28492","targetHints":{"allow":["GET"]}}],"collection":[{"href":"http:\/\/www.perupesquero.org\/web\/wp-json\/wp\/v2\/posts"}],"about":[{"href":"http:\/\/www.perupesquero.org\/web\/wp-json\/wp\/v2\/types\/post"}],"author":[{"embeddable":true,"href":"http:\/\/www.perupesquero.org\/web\/wp-json\/wp\/v2\/users\/2"}],"replies":[{"embeddable":true,"href":"http:\/\/www.perupesquero.org\/web\/wp-json\/wp\/v2\/comments?post=28492"}],"version-history":[{"count":1,"href":"http:\/\/www.perupesquero.org\/web\/wp-json\/wp\/v2\/posts\/28492\/revisions"}],"predecessor-version":[{"id":28494,"href":"http:\/\/www.perupesquero.org\/web\/wp-json\/wp\/v2\/posts\/28492\/revisions\/28494"}],"wp:featuredmedia":[{"embeddable":true,"href":"http:\/\/www.perupesquero.org\/web\/wp-json\/wp\/v2\/media\/28493"}],"wp:attachment":[{"href":"http:\/\/www.perupesquero.org\/web\/wp-json\/wp\/v2\/media?parent=28492"}],"wp:term":[{"taxonomy":"category","embeddable":true,"href":"http:\/\/www.perupesquero.org\/web\/wp-json\/wp\/v2\/categories?post=28492"},{"taxonomy":"post_tag","embeddable":true,"href":"http:\/\/www.perupesquero.org\/web\/wp-json\/wp\/v2\/tags?post=28492"}],"curies":[{"name":"wp","href":"https:\/\/api.w.org\/{rel}","templated":true}]}}