{"id":28480,"date":"2024-01-16T21:32:10","date_gmt":"2024-01-17T02:32:10","guid":{"rendered":"http:\/\/www.perupesquero.org\/web\/?p=28480"},"modified":"2024-01-16T21:32:35","modified_gmt":"2024-01-17T02:32:35","slug":"produce-anuncia-acciones-de-monitoreo-y-prevencion-ante-llegada-del-fenomeno-el-nino","status":"publish","type":"post","link":"http:\/\/www.perupesquero.org\/web\/produce-anuncia-acciones-de-monitoreo-y-prevencion-ante-llegada-del-fenomeno-el-nino\/","title":{"rendered":"PRODUCE anuncia acciones de monitoreo y prevenci\u00f3n ante llegada del Fen\u00f3meno El Ni\u00f1o"},"content":{"rendered":"<p>La ministra de la Producci\u00f3n, Ana Mar\u00eda Choquehuanca, y el jefe de la Autoridad Nacional del Agua (ANA), Juan Carlos Castro Vargas, integrantes del grupo de trabajo Fuerza de Tarea Multisectorial, participaron en una conferencia de prensa para dar alcances de las acciones de prevenci\u00f3n que se vienen ejecutando ante la ocurrencia del Fen\u00f3meno El Ni\u00f1o (FEN).<\/p>\n<p>Asimismo, coment\u00f3, que, a trav\u00e9s del Fondo Nacional de Desarrollo Pesquero \u2013 (FONDEPES), se prev\u00e9 el otorgamiento de 638 cr\u00e9ditos a favor de pescadores y acuicultores en el 2024 con un presupuesto de m\u00e1s de S\/15 millones.<\/p>\n<p>De igual manera, continuando con la campa\u00f1a \u201cDe d\u00eda y de noche, rico pescadito. Por un Per\u00fa sin anemia\u201d se cuenta con un presupuesto S\/16.4 millones que beneficiar\u00e1n a m\u00e1s de 2.3 millones de familias de menores recursos, a trav\u00e9s de ferias de promoci\u00f3n y comercializaci\u00f3n a nivel nacional.<\/p>\n<p>Acciones a favor de las mypes<\/p>\n<p>La ministra resalt\u00f3 que recientemente su sector firm\u00f3 un Convenio Marco de Cooperaci\u00f3n Interinstitucional con la Asamblea Nacional de Gobiernos Regionales con la finalidad de fortalecer la respuesta de las mypes ante un eventual Fen\u00f3meno El Ni\u00f1o.<\/p>\n<p>Adem\u00e1s, se\u00f1al\u00f3 que el Gobierno trabaja en reducir la vulnerabilidad, por ejemplo, en mercados de abastos donde se prev\u00e9 un trabajo articulado con los municipios y los gobiernos regionales para controlar desfogue de agua y verificar canaletas, revisar instalaciones el\u00e9ctricas, entre otras.<\/p>\n<p>Trabajo articulado con la regi\u00f3n Arequipa<\/p>\n<p>En su calidad de encargada de la gesti\u00f3n de riesgos de la regi\u00f3n Arequipa, Ana Mar\u00eda Choquehuanca agreg\u00f3 se promueve la capacitaci\u00f3n y prevenci\u00f3n de las autoridades regionales y locales en coordinaci\u00f3n con el GORE Arequipa.<\/p>\n<p>\u201cEste trabajo articulado tambi\u00e9n se dio junto a la presidenta Dina Boluarte en Palacio de Gobierno. Tras una reuni\u00f3n con 8 alcaldes provinciales y 60 distritales de Arequipa se logr\u00f3 una serie de compromisos como la promulgaci\u00f3n de la Ley N\u00b0 31952, posibilitando que el GORE invertir m\u00e1s de S\/60 millones en compra de maquinaria amarilla para la gesti\u00f3n de riesgo de desastres\u201d, finaliz\u00f3.<\/p>\n<p>Nota de prensa Ministerio de la Producci\u00f3n<\/p>\n","protected":false},"excerpt":{"rendered":"<p>La ministra de la Producci\u00f3n, Ana Mar\u00eda Choquehuanca, y el jefe de la Autoridad Nacional del Agua (ANA), Juan Carlos Castro Vargas, integrantes del grupo de trabajo Fuerza de Tarea Multisectorial, participaron en una conferencia de prensa para dar alcances de las acciones de prevenci\u00f3n que se vienen ejecutando ante la ocurrencia del Fen\u00f3meno El [&hellip;]<\/p>\n","protected":false},"author":2,"featured_media":28481,"comment_status":"open","ping_status":"open","sticky":false,"template":"","format":"standard","meta":{"footnotes":""},"categories":[63],"tags":[],"class_list":["post-28480","post","type-post","status-publish","format-standard","has-post-thumbnail","hentry","category-noticias"],"_links":{"self":[{"href":"http:\/\/www.perupesquero.org\/web\/wp-json\/wp\/v2\/posts\/28480","targetHints":{"allow":["GET"]}}],"collection":[{"href":"http:\/\/www.perupesquero.org\/web\/wp-json\/wp\/v2\/posts"}],"about":[{"href":"http:\/\/www.perupesquero.org\/web\/wp-json\/wp\/v2\/types\/post"}],"author":[{"embeddable":true,"href":"http:\/\/www.perupesquero.org\/web\/wp-json\/wp\/v2\/users\/2"}],"replies":[{"embeddable":true,"href":"http:\/\/www.perupesquero.org\/web\/wp-json\/wp\/v2\/comments?post=28480"}],"version-history":[{"count":1,"href":"http:\/\/www.perupesquero.org\/web\/wp-json\/wp\/v2\/posts\/28480\/revisions"}],"predecessor-version":[{"id":28482,"href":"http:\/\/www.perupesquero.org\/web\/wp-json\/wp\/v2\/posts\/28480\/revisions\/28482"}],"wp:featuredmedia":[{"embeddable":true,"href":"http:\/\/www.perupesquero.org\/web\/wp-json\/wp\/v2\/media\/28481"}],"wp:attachment":[{"href":"http:\/\/www.perupesquero.org\/web\/wp-json\/wp\/v2\/media?parent=28480"}],"wp:term":[{"taxonomy":"category","embeddable":true,"href":"http:\/\/www.perupesquero.org\/web\/wp-json\/wp\/v2\/categories?post=28480"},{"taxonomy":"post_tag","embeddable":true,"href":"http:\/\/www.perupesquero.org\/web\/wp-json\/wp\/v2\/tags?post=28480"}],"curies":[{"name":"wp","href":"https:\/\/api.w.org\/{rel}","templated":true}]}}