{"id":28474,"date":"2024-01-16T20:48:43","date_gmt":"2024-01-17T01:48:43","guid":{"rendered":"http:\/\/www.perupesquero.org\/web\/?p=28474"},"modified":"2024-01-16T20:55:41","modified_gmt":"2024-01-17T01:55:41","slug":"peru-primer-crucero-hidroacustico-de-anchoveta-y-otros-peces-pelagicos-sera-en-febrero-y-abril-2024","status":"publish","type":"post","link":"http:\/\/www.perupesquero.org\/web\/peru-primer-crucero-hidroacustico-de-anchoveta-y-otros-peces-pelagicos-sera-en-febrero-y-abril-2024\/","title":{"rendered":"Per\u00fa: Primer crucero hidroac\u00fastico de anchoveta y otros peces pel\u00e1gicos ser\u00e1 en febrero y abril  2024"},"content":{"rendered":"<p>La ministra de la Producci\u00f3n, Ana Mar\u00eda Choquehuanca, dijo que el Instituto del Mar del Per\u00fa (Imarpe) ejecutar\u00e1 cinco cruceros de evaluaci\u00f3n para estimar la abundancia, biomasa, distribuci\u00f3n y aspectos biol\u00f3gico-pesqueros de los principales recursos hidrobiol\u00f3gicos de importancia comercial.<\/p>\n<p>La titular de la Producci\u00f3n ofreci\u00f3 estas declaraciones durante la conferencia de prensa, en la cual se dieron alcances de las acciones de prevenci\u00f3n que se vienen ejecutando ante la ocurrencia del fen\u00f3meno natural El Ni\u00f1o (FEN).<\/p>\n<p>Choquehuanca explic\u00f3, que el primer crucero ser\u00e1 entre el 15 de febrero y el 1 de abril. El estudio abarcar\u00e1 la evaluaci\u00f3n hidroac\u00fastica para la anchoveta y otros recursos pel\u00e1gicos. Recalc\u00f3, que con investigaci\u00f3n cient\u00edfica y responsabilidad, se contribuir\u00e1 en la recuperaci\u00f3n econ\u00f3mica del pa\u00eds, garantiz\u00e1ndose la sostenibilidad de nuestros recursos y las actividades pesqueras a nivel nacional\u201d, agreg\u00f3 la ministra.<\/p>\n<p>La titular de Produce referente a los resultados que gener\u00f3 la segunda temporada de pesca de anchoveta en la zona centro y norte 2023, dijo que este sector contribuy\u00f3 con un aporte de 16.01% al PBI, originando m\u00e1s de 10 mil puestos de trabajos directos y 31 mil indirectos en la actividad extractiva, sostuvo.<\/p>\n","protected":false},"excerpt":{"rendered":"<p>La ministra de la Producci\u00f3n, Ana Mar\u00eda Choquehuanca, dijo que el Instituto del Mar del Per\u00fa (Imarpe) ejecutar\u00e1 cinco cruceros de evaluaci\u00f3n para estimar la abundancia, biomasa, distribuci\u00f3n y aspectos biol\u00f3gico-pesqueros de los principales recursos hidrobiol\u00f3gicos de importancia comercial. La titular de la Producci\u00f3n ofreci\u00f3 estas declaraciones durante la conferencia de prensa, en la cual [&hellip;]<\/p>\n","protected":false},"author":2,"featured_media":28475,"comment_status":"open","ping_status":"open","sticky":false,"template":"","format":"standard","meta":{"footnotes":""},"categories":[63],"tags":[],"class_list":["post-28474","post","type-post","status-publish","format-standard","has-post-thumbnail","hentry","category-noticias"],"_links":{"self":[{"href":"http:\/\/www.perupesquero.org\/web\/wp-json\/wp\/v2\/posts\/28474","targetHints":{"allow":["GET"]}}],"collection":[{"href":"http:\/\/www.perupesquero.org\/web\/wp-json\/wp\/v2\/posts"}],"about":[{"href":"http:\/\/www.perupesquero.org\/web\/wp-json\/wp\/v2\/types\/post"}],"author":[{"embeddable":true,"href":"http:\/\/www.perupesquero.org\/web\/wp-json\/wp\/v2\/users\/2"}],"replies":[{"embeddable":true,"href":"http:\/\/www.perupesquero.org\/web\/wp-json\/wp\/v2\/comments?post=28474"}],"version-history":[{"count":4,"href":"http:\/\/www.perupesquero.org\/web\/wp-json\/wp\/v2\/posts\/28474\/revisions"}],"predecessor-version":[{"id":28479,"href":"http:\/\/www.perupesquero.org\/web\/wp-json\/wp\/v2\/posts\/28474\/revisions\/28479"}],"wp:featuredmedia":[{"embeddable":true,"href":"http:\/\/www.perupesquero.org\/web\/wp-json\/wp\/v2\/media\/28475"}],"wp:attachment":[{"href":"http:\/\/www.perupesquero.org\/web\/wp-json\/wp\/v2\/media?parent=28474"}],"wp:term":[{"taxonomy":"category","embeddable":true,"href":"http:\/\/www.perupesquero.org\/web\/wp-json\/wp\/v2\/categories?post=28474"},{"taxonomy":"post_tag","embeddable":true,"href":"http:\/\/www.perupesquero.org\/web\/wp-json\/wp\/v2\/tags?post=28474"}],"curies":[{"name":"wp","href":"https:\/\/api.w.org\/{rel}","templated":true}]}}