{"id":28453,"date":"2024-01-10T16:22:36","date_gmt":"2024-01-10T21:22:36","guid":{"rendered":"http:\/\/www.perupesquero.org\/web\/?p=28453"},"modified":"2024-01-10T16:22:59","modified_gmt":"2024-01-10T21:22:59","slug":"desaparece-en-el-mar-de-tacna-ciudadano-que-se-embarco-a-la-pesca-del-bonito","status":"publish","type":"post","link":"http:\/\/www.perupesquero.org\/web\/desaparece-en-el-mar-de-tacna-ciudadano-que-se-embarco-a-la-pesca-del-bonito\/","title":{"rendered":"Desaparece en el mar de Tacna ciudadano que se embarc\u00f3 a la pesca del bonito"},"content":{"rendered":"<p><em><strong>M\u00e1ximo Jos\u00e9 Soto P\u00e1ucar (33), el pasado 3 de enero zarp\u00f3 desde el desembarcadero de Morro Sama en Tacna a bordo de la embarcaci\u00f3n \u201cEstrella de mar\u201d a la pesca del bonito y hoy se desconoce su paradero.<\/strong><\/em><\/p>\n<p>Mar\u00eda P\u00e1ucar Tintaya, madre del ciudadano desaparecido cont\u00f3 que su cu\u00f1ado le dijo que necesitaban una persona para ayudarles en la pesca por lo que les dio el n\u00famero de su hijo y ellos lo contactaron para trabajar.<\/p>\n<p><strong>Necesitaba el dinero<\/strong><\/p>\n<p>Su hijo es un \u201cmil oficios\u201d y de cuando en cuando se \u201ccachueleaba\u201d ayudando en las faenas de pesca. Antes de irse le dijo que se acercaba la \u00e9poca escolar y necesitaba dinero para sus hijos. Zarparon para extraer bonito el 3 de enero e incluso le mandaron fotograf\u00edas en los cuales se le ve contento pescando<\/p>\n<p>El domingo a las 20:36 horas recibi\u00f3 una llamada telef\u00f3nica de su cu\u00f1ado, quien le dijo que hab\u00eda pasado una desgracia y que su hijo hab\u00eda ca\u00eddo al mar eso de las 6:00 h de ese d\u00eda. As\u00ed lo reafirma tambi\u00e9n el maquinista de la embarcaci\u00f3n, Richard Silvestre Apaza Mamani.<\/p>\n<p><strong>Operaci\u00f3n de b\u00fasqueda<\/strong><\/p>\n<p>La mujer cont\u00f3 que ya se hizo la denuncia ante la Capitan\u00eda del Puerto de Ilo cuyos efectivos han salido a buscar, pero sin resultado positivo.<\/p>\n<p>P\u00e1ucar Tintaya pidi\u00f3 a las autoridades de la Capitan\u00eda del Puerto, as\u00ed como de Morro Sama y la Polic\u00eda, a fin de que busquen a su hijo e investiguen qu\u00e9 es lo que pas\u00f3 realmente.<\/p>\n<p data-mrf-recirculation=\"Enlaces P\u00e1rrafos\">Pide que, aunque sea encuentren el cuerpo de su hijo para darle cristiana sepultura o si fuera posible hallarlo a\u00fan con vida, ya que tiene cuatro hijos de 12, 10, 7 y 4 a\u00f1os de edad. M\u00e1ximo Jos\u00e9 Soto P\u00e1ucar (33) domiciliaba en la asociaci\u00f3n Las Begonias de Gregorio Albarrac\u00edn.<\/p>\n<p>Informaci\u00f3n extra\u00edda del diario Correo<\/p>\n<p>&nbsp;<\/p>\n","protected":false},"excerpt":{"rendered":"<p>M\u00e1ximo Jos\u00e9 Soto P\u00e1ucar (33), el pasado 3 de enero zarp\u00f3 desde el desembarcadero de Morro Sama en Tacna a bordo de la embarcaci\u00f3n \u201cEstrella de mar\u201d a la pesca del bonito y hoy se desconoce su paradero. Mar\u00eda P\u00e1ucar Tintaya, madre del ciudadano desaparecido cont\u00f3 que su cu\u00f1ado le dijo que necesitaban una persona [&hellip;]<\/p>\n","protected":false},"author":2,"featured_media":28454,"comment_status":"open","ping_status":"open","sticky":false,"template":"","format":"standard","meta":{"footnotes":""},"categories":[63],"tags":[],"class_list":["post-28453","post","type-post","status-publish","format-standard","has-post-thumbnail","hentry","category-noticias"],"_links":{"self":[{"href":"http:\/\/www.perupesquero.org\/web\/wp-json\/wp\/v2\/posts\/28453","targetHints":{"allow":["GET"]}}],"collection":[{"href":"http:\/\/www.perupesquero.org\/web\/wp-json\/wp\/v2\/posts"}],"about":[{"href":"http:\/\/www.perupesquero.org\/web\/wp-json\/wp\/v2\/types\/post"}],"author":[{"embeddable":true,"href":"http:\/\/www.perupesquero.org\/web\/wp-json\/wp\/v2\/users\/2"}],"replies":[{"embeddable":true,"href":"http:\/\/www.perupesquero.org\/web\/wp-json\/wp\/v2\/comments?post=28453"}],"version-history":[{"count":1,"href":"http:\/\/www.perupesquero.org\/web\/wp-json\/wp\/v2\/posts\/28453\/revisions"}],"predecessor-version":[{"id":28455,"href":"http:\/\/www.perupesquero.org\/web\/wp-json\/wp\/v2\/posts\/28453\/revisions\/28455"}],"wp:featuredmedia":[{"embeddable":true,"href":"http:\/\/www.perupesquero.org\/web\/wp-json\/wp\/v2\/media\/28454"}],"wp:attachment":[{"href":"http:\/\/www.perupesquero.org\/web\/wp-json\/wp\/v2\/media?parent=28453"}],"wp:term":[{"taxonomy":"category","embeddable":true,"href":"http:\/\/www.perupesquero.org\/web\/wp-json\/wp\/v2\/categories?post=28453"},{"taxonomy":"post_tag","embeddable":true,"href":"http:\/\/www.perupesquero.org\/web\/wp-json\/wp\/v2\/tags?post=28453"}],"curies":[{"name":"wp","href":"https:\/\/api.w.org\/{rel}","templated":true}]}}