{"id":2845,"date":"2014-12-15T23:11:51","date_gmt":"2014-12-16T04:11:51","guid":{"rendered":"http:\/\/www.perupesquero.org\/?p=2845"},"modified":"2014-12-15T23:11:51","modified_gmt":"2014-12-16T04:11:51","slug":"enfriamiento-de-mar-podria-abrir-pesca-con-cuota-social-de-anchoveta","status":"publish","type":"post","link":"http:\/\/www.perupesquero.org\/web\/enfriamiento-de-mar-podria-abrir-pesca-con-cuota-social-de-anchoveta\/","title":{"rendered":"Enfriamiento de Mar podr\u00eda abrir pesca con \u201ccuota social\u201d de Anchoveta"},"content":{"rendered":"<p>\u00bfEtapa de respiro de El Ni\u00f1o?. En las \u00faltimas semanas la temperatura en el Mar ha pasado de condiciones c\u00e1lidas en la quincena de noviembre, a fr\u00edas hasta la actualidad. Si bien es cierto, estas variaciones devienen por la presencia del evento de El Ni\u00f1o y el posible ingreso de las ondas Kelvin, tambi\u00e9n han sido el g\u00e9nesis de pol\u00e9micas discusiones entorno si cierra o se continua con la extracci\u00f3n de la Anchoveta para la producci\u00f3n de harina y aceite de pescado.<\/p>\n<figure id=\"attachment_2847\" aria-describedby=\"caption-attachment-2847\" style=\"width: 300px\" class=\"wp-caption alignnone\"><a href=\"http:\/\/www.perupesquero.org\/wp-content\/uploads\/2014\/12\/anomalia-2.jpg\"><img loading=\"lazy\" decoding=\"async\" class=\"size-medium wp-image-2847\" src=\"http:\/\/www.perupesquero.org\/wp-content\/uploads\/2014\/12\/anomalia-2-300x159.jpg\" alt=\"Se enfr\u00edo Mar peruano. \" width=\"300\" height=\"159\" \/><\/a><figcaption id=\"caption-attachment-2847\" class=\"wp-caption-text\">Se enfr\u00edo Mar peruano.<\/figcaption><\/figure>\n<p>Seg\u00fan la National Oceanic And Atmospheric Administration, NOAA, que utiliza los reportes del Servicio Nacional de Meteorolog\u00eda e Hidrolog\u00eda del Per\u00fa, SENAHMI, mucho antes del 26 de noviembre del a\u00f1o en curso, las temperaturas del Mar fueron cambiando, hasta colocarse por debajo de lo normal, es decir, se ha generado anomal\u00edas negativas. \u00a0L\u00f3gicamente, estas anomal\u00edas, no se lo esperaban Produce menos \u00a0Imarpe; empero, podr\u00eda originar un giro de 180\u00b0 en la decisi\u00f3n de cierre de la temporada de pesca de Anchoveta.<\/p>\n<p>Para ciertos ingenieros pesqueros y ocean\u00f3grafos, las actuales condiciones fr\u00edas del Mar peruano son ideales para el recurso Anchoveta, por lo que sustentaron que antes que llegue la etapa final de El Ni\u00f1o, que se pronostica que ser\u00eda en febrero del 2015, Produce podr\u00eda abrir una temporada de \u201ccuota de pesca social\u201d, tan igual (equivocadamente) como lo hizo la otrora Ministra de la Producci\u00f3n Gladys Trive\u00f1o; sugirieron a la vez, que si se detecta durante la extracci\u00f3n del recurso, card\u00famenes con altos porcentajes de juveniles, de inmediato se debe paralizar la captura.<\/p>\n<p>&nbsp;<\/p>\n<p>&nbsp;<\/p>\n","protected":false},"excerpt":{"rendered":"<p>\u00bfEtapa de respiro de El Ni\u00f1o?. En las \u00faltimas semanas la temperatura en el Mar ha pasado de condiciones c\u00e1lidas en la quincena de noviembre, a fr\u00edas hasta la actualidad. Si bien es cierto, estas variaciones devienen por la presencia del evento de El Ni\u00f1o y el posible ingreso de las ondas Kelvin, tambi\u00e9n han [&hellip;]<\/p>\n","protected":false},"author":2,"featured_media":2846,"comment_status":"open","ping_status":"open","sticky":false,"template":"","format":"standard","meta":{"footnotes":""},"categories":[77,78,63,67,69,72],"tags":[731],"class_list":["post-2845","post","type-post","status-publish","format-standard","has-post-thumbnail","hentry","category-internacionales","category-nacionales","category-noticias","category-pesqueria","category-politica","category-regionales","tag-enfriamiento-de-mar-podria-abrir-pesca-con-cuota-social-de-anchoveta"],"_links":{"self":[{"href":"http:\/\/www.perupesquero.org\/web\/wp-json\/wp\/v2\/posts\/2845","targetHints":{"allow":["GET"]}}],"collection":[{"href":"http:\/\/www.perupesquero.org\/web\/wp-json\/wp\/v2\/posts"}],"about":[{"href":"http:\/\/www.perupesquero.org\/web\/wp-json\/wp\/v2\/types\/post"}],"author":[{"embeddable":true,"href":"http:\/\/www.perupesquero.org\/web\/wp-json\/wp\/v2\/users\/2"}],"replies":[{"embeddable":true,"href":"http:\/\/www.perupesquero.org\/web\/wp-json\/wp\/v2\/comments?post=2845"}],"version-history":[{"count":0,"href":"http:\/\/www.perupesquero.org\/web\/wp-json\/wp\/v2\/posts\/2845\/revisions"}],"wp:featuredmedia":[{"embeddable":true,"href":"http:\/\/www.perupesquero.org\/web\/wp-json\/"}],"wp:attachment":[{"href":"http:\/\/www.perupesquero.org\/web\/wp-json\/wp\/v2\/media?parent=2845"}],"wp:term":[{"taxonomy":"category","embeddable":true,"href":"http:\/\/www.perupesquero.org\/web\/wp-json\/wp\/v2\/categories?post=2845"},{"taxonomy":"post_tag","embeddable":true,"href":"http:\/\/www.perupesquero.org\/web\/wp-json\/wp\/v2\/tags?post=2845"}],"curies":[{"name":"wp","href":"https:\/\/api.w.org\/{rel}","templated":true}]}}