{"id":28433,"date":"2024-01-07T22:52:53","date_gmt":"2024-01-08T03:52:53","guid":{"rendered":"http:\/\/www.perupesquero.org\/web\/?p=28433"},"modified":"2024-01-07T22:53:06","modified_gmt":"2024-01-08T03:53:06","slug":"el-nino-y-los-gases-de-efecto-invernadero-convirtieron-al-2023-en-el-ano-mas-caliente-superando-ampliamente-al-2016-segun-copernicus","status":"publish","type":"post","link":"http:\/\/www.perupesquero.org\/web\/el-nino-y-los-gases-de-efecto-invernadero-convirtieron-al-2023-en-el-ano-mas-caliente-superando-ampliamente-al-2016-segun-copernicus\/","title":{"rendered":"El Ni\u00f1o y los gases de efecto invernadero convirtieron al 2023 en el a\u00f1o m\u00e1s caliente, superando ampliamente al 2016, seg\u00fan Copernicus"},"content":{"rendered":"<p>El 2023 no solo es el a\u00f1o m\u00e1s c\u00e1lido registrado, sino que tambi\u00e9n es el primer a\u00f1o con todos los d\u00edas m\u00e1s de 1 \u00b0C m\u00e1s caliente que el periodo preindustrial, porque las temperaturas superaron las de cualquier periodo de al menos los \u00faltimos 100.000 a\u00f1os, manifest\u00f3 Samantha Burgess, Directora Adjunta del Servicio de Cambio Clim\u00e1tico de Copernicus.<\/p>\n<p>El\u00a0Servicio de Monitoreo del Cambio Clim\u00e1tico de Copernicus\u00a0implementado el Centro Europeo de Predicci\u00f3n Meteorol\u00f3gica inform\u00f3 de estos hechos trascendentales e hist\u00f3ricos, haciendo p\u00fablico un resumen general de los extremos clim\u00e1ticos m\u00e1s relevantes del a\u00f1o que pas\u00f3 y los principales factores que los impulsan, como las concentraciones de gases de efecto invernadero, El Ni\u00f1o y otras variaciones naturales.<\/p>\n<p><strong>\u00a0<\/strong><strong>Datos hist\u00f3ricos <\/strong><\/p>\n<p>Copernicus confirm\u00f3 que el 2023 es el a\u00f1o natural m\u00e1s c\u00e1lido de temperatura global que 1850- 1900. Asimismo, tuvo una temperatura media global de 14,98 \u00b0C, 0,17 \u00b0C m\u00e1s que el anterior valor anual m\u00e1s alto de 2016. Llego a 0.60\u00b0C m\u00e1s c\u00e1lido que la media de 1991-2020 y 1,48 \u00b0C.<\/p>\n<p>Asimismo, dice que existe la probabilidad que un periodo de 12 meses que finaliza en enero o febrero de 2024 superar\u00e1 los 1,5\u00b0C por encima del nivel preindustrial.<\/p>\n<p>Los cient\u00edficos afirman, que es la primera vez que se registra que todos los d\u00edas de un a\u00f1o supere 1 \u00b0C, nivel preindustrial de 1850-1900. Siendo que cerca del 50% de los d\u00edas fueron m\u00e1s de 1,5\u00b0C m\u00e1s c\u00e1lidos que el nivel de 1850-1900, y dos d\u00edas de noviembre fueron, m\u00e1s de 2\u00b0C m\u00e1s c\u00e1lidos.<\/p>\n<p>La agencia demuestra que los meses de julio y agosto de 2023, fueron los m\u00e1s c\u00e1lidos registrados. El verano boreal (junio-agosto) fue la estaci\u00f3n m\u00e1s c\u00e1lida registrada, mientras que septiembre tuvo una desviaci\u00f3n de temperatura por encima de la media de 1991-2020 mayor que cualquier otro mes del conjunto de datos ERA5.<\/p>\n<p>Indican que diciembre alcanz\u00f3 la temperatura media de 13,51\u00b0C, 0,85\u00b0C por encima de la media de 1991-2020 y 1,78\u00b0C por encima del nivel de 1850-1900.<\/p>\n<p><strong>Temperaturas de la superficie del mar (TSM): m\u00e1s all\u00e1 de El Ni\u00f1o<\/strong><\/p>\n<p>Consideran que un factor determinante de las inusuales temperaturas del aire registradas en el 2023 fueron las elevadas temperaturas sin precedentes de la superficie del oc\u00e9ano. La media mundial de las TSM (2) para el periodo comprendido entre abril y diciembre fue la m\u00e1s alta para esa \u00e9poca del a\u00f1o en el conjunto de datos ERA5.<\/p>\n<p>Se tiene en cuenta que el principal factor a largo plazo de las altas temperaturas oce\u00e1nicas se dio por el continuo aumento de las concentraciones de gases de efecto invernadero, sum\u00e1ndose El Ni\u00f1o Oscilaci\u00f3n del Sur (ENOS). El ENOS es un patr\u00f3n de variabilidad clim\u00e1tica natural que hace que las temperaturas oce\u00e1nicas en el Pac\u00edfico tropical central y oriental oscilen entre condiciones m\u00e1s fr\u00edas (La Ni\u00f1a) y m\u00e1s c\u00e1lidas (El Ni\u00f1o) que la media. Estos fen\u00f3menos del ENOS influyen en la temperatura y las pautas meteorol\u00f3gicas de todo el mundo. Despu\u00e9s de que La Ni\u00f1a concluyera a principios de 2023 y comenz\u00f3 a desarrollarse las condiciones de El Ni\u00f1o, las condiciones siguieron reforz\u00e1ndose durante el a\u00f1o.<\/p>\n<p>Sin embargo, la transici\u00f3n a El Ni\u00f1o no explica por s\u00ed sola todo el aumento de las temperaturas de la superficie oce\u00e1nica a escala mundial en el 2023, ya que las elevadas TSM fuera del Pac\u00edfico ecuatorial contribuyeron significativamente a las TSM mundiales que batieron r\u00e9cords, dijo Copernicus.<\/p>\n<p>Carlo Buontempo, Director del Servicio de Cambio Clim\u00e1tico de Cop\u00e9rnico, coment\u00f3 que los extremos que han observado en los \u00faltimos meses son un testimonio dram\u00e1tico de lo lejos que estamos ahora del clima en el que se desarroll\u00f3 nuestra civilizaci\u00f3n. Esto tiene profundas consecuencias para el Acuerdo de Par\u00eds y para todos los esfuerzos humanos. \u201cSi queremos gestionar con \u00e9xito nuestra cartera de riesgos clim\u00e1ticos, tenemos que descarbonizar urgentemente nuestra econom\u00eda al tiempo que utilizamos los datos y conocimientos clim\u00e1ticos para prepararnos para el futuro&#8221;, finaliz\u00f3.<\/p>\n<p><strong>\u00a0<\/strong><\/p>\n<p><strong>\u00a0<\/strong><\/p>\n<p><strong>\u00a0<\/strong><\/p>\n<p><strong>\u00a0<\/strong><\/p>\n<p><strong>\u00a0<\/strong><\/p>\n<p><strong>\u00a0<\/strong><\/p>\n<p><strong>\u00a0<\/strong><\/p>\n<p><strong>\u00a0<\/strong><\/p>\n<p><strong>\u00a0<\/strong><\/p>\n<p>&nbsp;<\/p>\n","protected":false},"excerpt":{"rendered":"<p>El 2023 no solo es el a\u00f1o m\u00e1s c\u00e1lido registrado, sino que tambi\u00e9n es el primer a\u00f1o con todos los d\u00edas m\u00e1s de 1 \u00b0C m\u00e1s caliente que el periodo preindustrial, porque las temperaturas superaron las de cualquier periodo de al menos los \u00faltimos 100.000 a\u00f1os, manifest\u00f3 Samantha Burgess, Directora Adjunta del Servicio de Cambio [&hellip;]<\/p>\n","protected":false},"author":2,"featured_media":28434,"comment_status":"open","ping_status":"open","sticky":false,"template":"","format":"standard","meta":{"footnotes":""},"categories":[63],"tags":[],"class_list":["post-28433","post","type-post","status-publish","format-standard","has-post-thumbnail","hentry","category-noticias"],"_links":{"self":[{"href":"http:\/\/www.perupesquero.org\/web\/wp-json\/wp\/v2\/posts\/28433","targetHints":{"allow":["GET"]}}],"collection":[{"href":"http:\/\/www.perupesquero.org\/web\/wp-json\/wp\/v2\/posts"}],"about":[{"href":"http:\/\/www.perupesquero.org\/web\/wp-json\/wp\/v2\/types\/post"}],"author":[{"embeddable":true,"href":"http:\/\/www.perupesquero.org\/web\/wp-json\/wp\/v2\/users\/2"}],"replies":[{"embeddable":true,"href":"http:\/\/www.perupesquero.org\/web\/wp-json\/wp\/v2\/comments?post=28433"}],"version-history":[{"count":1,"href":"http:\/\/www.perupesquero.org\/web\/wp-json\/wp\/v2\/posts\/28433\/revisions"}],"predecessor-version":[{"id":28435,"href":"http:\/\/www.perupesquero.org\/web\/wp-json\/wp\/v2\/posts\/28433\/revisions\/28435"}],"wp:featuredmedia":[{"embeddable":true,"href":"http:\/\/www.perupesquero.org\/web\/wp-json\/wp\/v2\/media\/28434"}],"wp:attachment":[{"href":"http:\/\/www.perupesquero.org\/web\/wp-json\/wp\/v2\/media?parent=28433"}],"wp:term":[{"taxonomy":"category","embeddable":true,"href":"http:\/\/www.perupesquero.org\/web\/wp-json\/wp\/v2\/categories?post=28433"},{"taxonomy":"post_tag","embeddable":true,"href":"http:\/\/www.perupesquero.org\/web\/wp-json\/wp\/v2\/tags?post=28433"}],"curies":[{"name":"wp","href":"https:\/\/api.w.org\/{rel}","templated":true}]}}