{"id":28430,"date":"2024-01-07T20:53:36","date_gmt":"2024-01-08T01:53:36","guid":{"rendered":"http:\/\/www.perupesquero.org\/web\/?p=28430"},"modified":"2024-01-07T20:53:36","modified_gmt":"2024-01-08T01:53:36","slug":"el-nino-el-fenomeno-que-se-descarto-de-influenciar-en-las-lluvias-de-peru","status":"publish","type":"post","link":"http:\/\/www.perupesquero.org\/web\/el-nino-el-fenomeno-que-se-descarto-de-influenciar-en-las-lluvias-de-peru\/","title":{"rendered":"El Ni\u00f1o, el fen\u00f3meno que se descart\u00f3 de influenciar en las lluvias de Per\u00fa"},"content":{"rendered":"<p>Jorge Ch\u00e1vez Cresta, ministro de Defensa descart\u00f3 que el fen\u00f3meno natural El Ni\u00f1o haya comenzado a afectar algunas zonas del Per\u00fa, asegurando que las obras de prevenci\u00f3n para enfrentar este evento climatol\u00f3gico est\u00e1n al 85% de su avance.<\/p>\n<p><strong>\u00a0<\/strong>\u00a0Asimismo, sostuvo que actualmente han iniciado reportes correspondientes al 2024, afirmando que no experimentamos un escenario de riesgo de El Ni\u00f1o, por el contrario, las lluvias intensas y los peligros asociados, que en alg\u00fan momento, puedan venir podr\u00eda ser por la presencia de las ondas Kelvin, del incremento de la temperatura del Pac\u00edfico Central, de la disminuci\u00f3n del Anticicl\u00f3n del Sur y que puede producir un fen\u00f3meno asociado al Ni\u00f1o global, y como consecuencia de ello el fen\u00f3meno El Ni\u00f1o costero\u201d,\u00a0dijo Ch\u00e1vez en conferencia de prensa desde el Centro de Operaciones de Emergencia Nacional (COEN).<\/p>\n<p>Igualmente, anunci\u00f3 que los trabajos en la instalaci\u00f3n de geomallas y diques de contenci\u00f3n en 21 quebradas en los r\u00edos de la capital empezar\u00e1n a fines de enero, lo que fue refutado por la Contraria General de la Rep\u00fablica, que sostiene que el proyecto debi\u00f3 terminar en diciembre del 2023.<\/p>\n<p data-mrf-recirculation=\"Enlaces P\u00e1rrafos\">\u201cA partir del 20 de enero, esas 21 geomallas y, posteriormente, cerca de los 35 diques que se van a ir de cabo a partir del 20 de enero hasta el 15 de febrero aprovechando la estacionalidad de lluvias y la poca presencia de lluvias van a continuar con los trabajos para poder reforzar la seguridad de cada una de las personas\u201d, dijo el ministro.<\/p>\n<p>&nbsp;<\/p>\n","protected":false},"excerpt":{"rendered":"<p>Jorge Ch\u00e1vez Cresta, ministro de Defensa descart\u00f3 que el fen\u00f3meno natural El Ni\u00f1o haya comenzado a afectar algunas zonas del Per\u00fa, asegurando que las obras de prevenci\u00f3n para enfrentar este evento climatol\u00f3gico est\u00e1n al 85% de su avance. \u00a0\u00a0Asimismo, sostuvo que actualmente han iniciado reportes correspondientes al 2024, afirmando que no experimentamos un escenario de [&hellip;]<\/p>\n","protected":false},"author":2,"featured_media":28431,"comment_status":"open","ping_status":"open","sticky":false,"template":"","format":"standard","meta":{"footnotes":""},"categories":[63],"tags":[],"class_list":["post-28430","post","type-post","status-publish","format-standard","has-post-thumbnail","hentry","category-noticias"],"_links":{"self":[{"href":"http:\/\/www.perupesquero.org\/web\/wp-json\/wp\/v2\/posts\/28430","targetHints":{"allow":["GET"]}}],"collection":[{"href":"http:\/\/www.perupesquero.org\/web\/wp-json\/wp\/v2\/posts"}],"about":[{"href":"http:\/\/www.perupesquero.org\/web\/wp-json\/wp\/v2\/types\/post"}],"author":[{"embeddable":true,"href":"http:\/\/www.perupesquero.org\/web\/wp-json\/wp\/v2\/users\/2"}],"replies":[{"embeddable":true,"href":"http:\/\/www.perupesquero.org\/web\/wp-json\/wp\/v2\/comments?post=28430"}],"version-history":[{"count":1,"href":"http:\/\/www.perupesquero.org\/web\/wp-json\/wp\/v2\/posts\/28430\/revisions"}],"predecessor-version":[{"id":28432,"href":"http:\/\/www.perupesquero.org\/web\/wp-json\/wp\/v2\/posts\/28430\/revisions\/28432"}],"wp:featuredmedia":[{"embeddable":true,"href":"http:\/\/www.perupesquero.org\/web\/wp-json\/wp\/v2\/media\/28431"}],"wp:attachment":[{"href":"http:\/\/www.perupesquero.org\/web\/wp-json\/wp\/v2\/media?parent=28430"}],"wp:term":[{"taxonomy":"category","embeddable":true,"href":"http:\/\/www.perupesquero.org\/web\/wp-json\/wp\/v2\/categories?post=28430"},{"taxonomy":"post_tag","embeddable":true,"href":"http:\/\/www.perupesquero.org\/web\/wp-json\/wp\/v2\/tags?post=28430"}],"curies":[{"name":"wp","href":"https:\/\/api.w.org\/{rel}","templated":true}]}}