{"id":28419,"date":"2024-01-06T20:43:15","date_gmt":"2024-01-07T01:43:15","guid":{"rendered":"http:\/\/www.perupesquero.org\/web\/?p=28419"},"modified":"2024-01-06T20:44:40","modified_gmt":"2024-01-07T01:44:40","slug":"peru-gobierno-creara-red-de-mujeres-pescadoras-artesanales-que-enfrente-crisis-por-el-nino","status":"publish","type":"post","link":"http:\/\/www.perupesquero.org\/web\/peru-gobierno-creara-red-de-mujeres-pescadoras-artesanales-que-enfrente-crisis-por-el-nino\/","title":{"rendered":"Per\u00fa: Gobierno crear\u00e1 Red de mujeres pescadoras artesanales que enfrente crisis por El Ni\u00f1o"},"content":{"rendered":"<p>La ministra de la Producci\u00f3n, Ana Mar\u00eda Choquehuanca, sostuvo que vienen impulsando la creaci\u00f3n de una \u201cRed de mujeres pescadoras\u201d que permita ser de apoyo para la productividad de este sector cuando por circunstancias de la naturaleza, como el FEN, no se puedan realizar labores de pesca.<\/p>\n<p>Asimismo, la ministra Choquehuanca enfatiz\u00f3 que la Red de mujeres pescadores permitir\u00eda que estas damas puedan realizar otro tipo de acciones que no tienen que ver necesariamente con la pesca, ya que en tiempo dif\u00edciles no pueden entrar al mar, no tienen ingresos. \u201cNosotros queremos apoyar a la pesca artesanal y vamos a hacer todo lo humanamente posible para que as\u00ed sea\u201d, dijo.<\/p>\n<p><strong>El Ni\u00f1o<\/strong><\/p>\n<p>Respecto al fen\u00f3meno El Ni\u00f1o, resalt\u00f3 que el Gobierno de la presidenta Dina Boluarte viene trabajando en medidas de prevenci\u00f3n frente al Fen\u00f3meno El Ni\u00f1o (FEN) para evitar repetir experiencias pasadas y salvaguardar el bienestar de la ciudadan\u00eda<\/p>\n<p>\u201cNo queremos que se repita lo que ocurri\u00f3 en alg\u00fan momento, que no ten\u00edan las estrategias necesarias para poder ver el tema de descolmataci\u00f3n, los diques, entre otros. Ahora tenemos todo esto previsto, preparado, y esperemos que El Ni\u00f1o no nos golpee como el a\u00f1o anterior\u201d, indic\u00f3 la titular de la Producci\u00f3n.<\/p>\n<p>En tanto, desde el Ministerio de la Producci\u00f3n (Produce), se\u00f1al\u00f3, se estableci\u00f3 una comisi\u00f3n interna que permite tomar previsiones para afrontar los posibles impactos del FEN en actividades productivas como la pesca y acuicultura.<\/p>\n<p>En ese sentido, mencion\u00f3 que se ha cumplido con el compromiso del Bono del Pescador Artesanal; sin embargo, Produce viene analizando otras medidas para poder hacerle frente a fen\u00f3meno El Ni\u00f1o en las zonas donde impactar\u00eda con mayor fuerza como el norte del pa\u00eds.<\/p>\n<p>Tambi\u00e9n, mencion\u00f3 que se est\u00e1n levantando observaciones a algunos padrones para sacar un \u00faltimo listado de beneficiarios de la subvenci\u00f3n econ\u00f3mica de S\/700 brindada a pescadores artesanales formales embarcados y no embarcados.<\/p>\n<p>\u201cHay observaciones que se est\u00e1n revisando, nosotros vamos a sacar un \u00faltimo listado para subsanar algunos errores que puedan haber cometido las DIREPRO (en el llenado de las listas) y luego vamos a sacar una resoluci\u00f3n\u201d, finaliz\u00f3 la ministra.<\/p>\n<p>Es importante mencionar que, a menos de 20 d\u00edas de iniciado el pago del nuevo Bono del Pescador Artesanal, 35 143 beneficiarios cobraron la subvenci\u00f3n monetaria brindada por el Gobierno en el marco de mitigar los impactos econ\u00f3micos a consecuencia del Fen\u00f3meno El Ni\u00f1o y los oleajes an\u00f3malos.<\/p>\n<p><strong>Trabajo con el Gobierno Regional de Arequipa<\/strong><\/p>\n<p>La titular del sector Producci\u00f3n se\u00f1al\u00f3 que, como encargada y responsable de Arequipa, viene trabajando con el gobierno regional la capacitaci\u00f3n de los 80 alcaldes locales a fin de contrarrestar la escasez h\u00eddrica que provocar\u00eda El Ni\u00f1o en la regi\u00f3n.<\/p>\n<p>Se\u00f1al\u00f3 adem\u00e1s que, en el marco del FEN, recientemente las autoridades de Arequipa sostuvieron una reuni\u00f3n con la presidenta Boluarte, y previamente hicieron lo propio con las autoridades del Senamhi, CENEPRED, Imarpe entre otros, para que tengan la informaci\u00f3n de primera mano sobre c\u00f3mo se est\u00e1 desarrollando El Ni\u00f1o y puedan tomar las previsiones debidas.<\/p>\n<p>Nota de prensa Ministerio de la Producci\u00f3n<\/p>\n<p>&nbsp;<\/p>\n<p>&nbsp;<\/p>\n","protected":false},"excerpt":{"rendered":"<p>La ministra de la Producci\u00f3n, Ana Mar\u00eda Choquehuanca, sostuvo que vienen impulsando la creaci\u00f3n de una \u201cRed de mujeres pescadoras\u201d que permita ser de apoyo para la productividad de este sector cuando por circunstancias de la naturaleza, como el FEN, no se puedan realizar labores de pesca. Asimismo, la ministra Choquehuanca enfatiz\u00f3 que la Red [&hellip;]<\/p>\n","protected":false},"author":2,"featured_media":27843,"comment_status":"open","ping_status":"open","sticky":false,"template":"","format":"standard","meta":{"footnotes":""},"categories":[63],"tags":[],"class_list":["post-28419","post","type-post","status-publish","format-standard","has-post-thumbnail","hentry","category-noticias"],"_links":{"self":[{"href":"http:\/\/www.perupesquero.org\/web\/wp-json\/wp\/v2\/posts\/28419","targetHints":{"allow":["GET"]}}],"collection":[{"href":"http:\/\/www.perupesquero.org\/web\/wp-json\/wp\/v2\/posts"}],"about":[{"href":"http:\/\/www.perupesquero.org\/web\/wp-json\/wp\/v2\/types\/post"}],"author":[{"embeddable":true,"href":"http:\/\/www.perupesquero.org\/web\/wp-json\/wp\/v2\/users\/2"}],"replies":[{"embeddable":true,"href":"http:\/\/www.perupesquero.org\/web\/wp-json\/wp\/v2\/comments?post=28419"}],"version-history":[{"count":2,"href":"http:\/\/www.perupesquero.org\/web\/wp-json\/wp\/v2\/posts\/28419\/revisions"}],"predecessor-version":[{"id":28421,"href":"http:\/\/www.perupesquero.org\/web\/wp-json\/wp\/v2\/posts\/28419\/revisions\/28421"}],"wp:featuredmedia":[{"embeddable":true,"href":"http:\/\/www.perupesquero.org\/web\/wp-json\/wp\/v2\/media\/27843"}],"wp:attachment":[{"href":"http:\/\/www.perupesquero.org\/web\/wp-json\/wp\/v2\/media?parent=28419"}],"wp:term":[{"taxonomy":"category","embeddable":true,"href":"http:\/\/www.perupesquero.org\/web\/wp-json\/wp\/v2\/categories?post=28419"},{"taxonomy":"post_tag","embeddable":true,"href":"http:\/\/www.perupesquero.org\/web\/wp-json\/wp\/v2\/tags?post=28419"}],"curies":[{"name":"wp","href":"https:\/\/api.w.org\/{rel}","templated":true}]}}