{"id":28403,"date":"2024-01-03T22:33:34","date_gmt":"2024-01-04T03:33:34","guid":{"rendered":"http:\/\/www.perupesquero.org\/web\/?p=28403"},"modified":"2024-01-03T22:33:44","modified_gmt":"2024-01-04T03:33:44","slug":"capturas-de-pota-alcanzaron-record-historico-al-sumar-600000-toneladas-en-2023","status":"publish","type":"post","link":"http:\/\/www.perupesquero.org\/web\/capturas-de-pota-alcanzaron-record-historico-al-sumar-600000-toneladas-en-2023\/","title":{"rendered":"Capturas de pota alcanzaron r\u00e9cord hist\u00f3rico al sumar 600,000 toneladas en 2023"},"content":{"rendered":"<p>La ministra de la Producci\u00f3n, Ana Mar\u00eda Choquehuanca, afirm\u00f3 este mi\u00e9rcoles que la pesca de pota rompi\u00f3 un r\u00e9cord hist\u00f3rico en el 2023 al sumar 600,000 toneladas, m\u00e1s del doble de lo que se obten\u00eda en a\u00f1os anteriores.<\/p>\n<p>&#8220;Hemos tenido una sorpresa con la pota.\u00a0La pota en a\u00f1os anteriores nunca pasaba de las 300,000 toneladas en las pescas, ahora ha llegado a un nivel hist\u00f3rico de 600,000, es la segunda estrella ahora&#8221;, sostuvo la titular del sector en entrevista con una radio de Lima.<\/p>\n<p>Choquehuanca precis\u00f3 que este resultado se produjo en medio de un escenario complicado debido a que\u00a0no se produjo la apertura de la primera temporada de pesca.<\/p>\n<p>&#8220;Nosotros actuamos en base a los informes t\u00e9cnicos y cient\u00edficos del\u00a0Imarpe. Era posible abrir la temporada y lo hicimos&#8221;, refiri\u00f3.<\/p>\n<p>Dinamiza el sector<\/p>\n<p>La ministra destac\u00f3 tambi\u00e9n que el importante resultado alcanzado con\u00a0la pesca de pota\u00a0ha permitido dinamizar la econom\u00eda, por lo que sugiri\u00f3 poner mayor \u00e9nfasis en\u00a0productos hidrobiol\u00f3gicos\u00a0provenientes de la acuicultura.<\/p>\n<p>&#8220;La\u00a0pota<strong>\u00a0<\/strong>no solo dinamiza el mercado local sino tambi\u00e9n el mercado regional, puede dar trabajo, llegar a miles de familias. Ah\u00ed hay que considerar varias otras especies que tambi\u00e9n podr\u00edan aportar&#8221;, apunt\u00f3.<\/p>\n<p>En ese sentido, refiri\u00f3 que<strong>\u00a0<\/strong>durante el 2023 se reuni\u00f3 con un total de 391 asociaciones de la peque\u00f1a y mediana empresa (pyme) y de la pesca artesanal.<\/p>\n<p>&#8220;Miremos al paiche como una posibilidad a futuro, lo mismo pasa con la doncella y la trucha que est\u00e1n en las piscigranjas. Hay muchos proyectos que tienen que visibilizarse, el Per\u00fa profundo requiere m\u00e1s atenci\u00f3n&#8221;, puntualiz\u00f3.<\/p>\n<p>&nbsp;<\/p>\n<p>Fuente: RPP<\/p>\n<p>&nbsp;<\/p>\n","protected":false},"excerpt":{"rendered":"<p>La ministra de la Producci\u00f3n, Ana Mar\u00eda Choquehuanca, afirm\u00f3 este mi\u00e9rcoles que la pesca de pota rompi\u00f3 un r\u00e9cord hist\u00f3rico en el 2023 al sumar 600,000 toneladas, m\u00e1s del doble de lo que se obten\u00eda en a\u00f1os anteriores. &#8220;Hemos tenido una sorpresa con la pota.\u00a0La pota en a\u00f1os anteriores nunca pasaba de las 300,000 toneladas [&hellip;]<\/p>\n","protected":false},"author":2,"featured_media":26603,"comment_status":"open","ping_status":"open","sticky":false,"template":"","format":"standard","meta":{"footnotes":""},"categories":[63],"tags":[],"class_list":["post-28403","post","type-post","status-publish","format-standard","has-post-thumbnail","hentry","category-noticias"],"_links":{"self":[{"href":"http:\/\/www.perupesquero.org\/web\/wp-json\/wp\/v2\/posts\/28403","targetHints":{"allow":["GET"]}}],"collection":[{"href":"http:\/\/www.perupesquero.org\/web\/wp-json\/wp\/v2\/posts"}],"about":[{"href":"http:\/\/www.perupesquero.org\/web\/wp-json\/wp\/v2\/types\/post"}],"author":[{"embeddable":true,"href":"http:\/\/www.perupesquero.org\/web\/wp-json\/wp\/v2\/users\/2"}],"replies":[{"embeddable":true,"href":"http:\/\/www.perupesquero.org\/web\/wp-json\/wp\/v2\/comments?post=28403"}],"version-history":[{"count":1,"href":"http:\/\/www.perupesquero.org\/web\/wp-json\/wp\/v2\/posts\/28403\/revisions"}],"predecessor-version":[{"id":28404,"href":"http:\/\/www.perupesquero.org\/web\/wp-json\/wp\/v2\/posts\/28403\/revisions\/28404"}],"wp:featuredmedia":[{"embeddable":true,"href":"http:\/\/www.perupesquero.org\/web\/wp-json\/wp\/v2\/media\/26603"}],"wp:attachment":[{"href":"http:\/\/www.perupesquero.org\/web\/wp-json\/wp\/v2\/media?parent=28403"}],"wp:term":[{"taxonomy":"category","embeddable":true,"href":"http:\/\/www.perupesquero.org\/web\/wp-json\/wp\/v2\/categories?post=28403"},{"taxonomy":"post_tag","embeddable":true,"href":"http:\/\/www.perupesquero.org\/web\/wp-json\/wp\/v2\/tags?post=28403"}],"curies":[{"name":"wp","href":"https:\/\/api.w.org\/{rel}","templated":true}]}}