{"id":28382,"date":"2023-12-29T23:14:40","date_gmt":"2023-12-30T04:14:40","guid":{"rendered":"http:\/\/www.perupesquero.org\/web\/?p=28382"},"modified":"2023-12-29T23:16:44","modified_gmt":"2023-12-30T04:16:44","slug":"produce-mas-de-50-mil-estudiantes-del-pais-participaron-en-capacitacion-que-promueve-consumo-de-pescado-durante-el-2023","status":"publish","type":"post","link":"http:\/\/www.perupesquero.org\/web\/produce-mas-de-50-mil-estudiantes-del-pais-participaron-en-capacitacion-que-promueve-consumo-de-pescado-durante-el-2023\/","title":{"rendered":"Produce: M\u00e1s de 50 mil estudiantes del pa\u00eds participaron en capacitaci\u00f3n que promueve consumo de pescado durante el 2023"},"content":{"rendered":"<p><strong><em>Viceministro de la MYPE e Industria, Samuel Torres, clausur\u00f3 jornadas educativas PescaEduca y PescaAct\u00edvate en la regi\u00f3n La Libertad.<\/em><\/strong><\/p>\n<p>Con el objetivo de incentivar el consumo del pescado, especialmente en ni\u00f1as, ni\u00f1os y adolescentes en el pa\u00eds, el Ministerio de la Producci\u00f3n (Produce), cierra el 2023, logrando capacitar a 55 000 estudiantes de 362 instituciones educativas a nivel nacional a trav\u00e9s de las jornadas educativas PescaEduca y PescaAct\u00edvate del Programa Nacional A Comer Pescado.<\/p>\n<p>\u201cUno de los objetivos del sector es promover el consumo del pescado a trav\u00e9s de las instituciones educativas, es un compromiso del Estado y seguimos trabajando arduamente para reforzar la canasta alimentaria. Debemos fomentar la apreciaci\u00f3n y el consumo responsable del pescado\u201d, se\u00f1al\u00f3 el viceministro de MYPE e Industria, Samuel Torres durante la clausura de estas jornadas en La Libertad.<\/p>\n<p>Como parte de PescaEduca y PescaAct\u00edvate se realizaron talleres y actividades l\u00fadicas, donde estudiantes y padres de familia recibieron informaci\u00f3n sobre los beneficios del consumo de pescado y elaboraci\u00f3n de loncheras saludables.<\/p>\n<p>Asimismo, de enero a lo que va de diciembre de 2023, se brind\u00f3 charlas informativas a 3000 docentes a fin de incrementar el consumo de productos hidrobiol\u00f3gicos para garantizar una alimentaci\u00f3n saludable y rica en prote\u00ednas.<\/p>\n<p>En ese sentido, el Ministerio de la Producci\u00f3n, a trav\u00e9s de la campa\u00f1a \u201cDe D\u00eda y de Noche Rico Pescadito, por un Per\u00fa Sin Anemia\u201d, promueve el consumo de pescado rico en Omega 3, un complemento fundamental durante el desarrollo de la infancia y la ni\u00f1ez, que permitir\u00e1 favorecer el desarrollo cerebral y la inteligencia.<\/p>\n<p>La clausura de las jornadas de capacitaci\u00f3n cont\u00f3 con la participaci\u00f3n del viceministro de la MYPE e Industria, Samuel Torres, el alcalde distrital de El Porvenir, Juan Carranza Ventura, el coordinador ejecutivo del Programa Nacional &#8220;A Comer Pescado&#8221;, Fabi\u00e1n Puente de la Vega, entre otras autoridades.<\/p>\n<p>PescaEduca<\/p>\n<p>El objetivo de PescaEduca es contribuir a prevenir y disminuir las prevalencias de malnutrici\u00f3n en estudiantes de educaci\u00f3n b\u00e1sica regular mediante la implementaci\u00f3n de una intervenci\u00f3n educativa efectiva, relacionada a la mejora de conocimientos, h\u00e1bitos y preparaciones a base de productos hidrobiol\u00f3gicos.<\/p>\n<p>PescaAct\u00edvate<\/p>\n<p>En tanto, la intervenci\u00f3n educativa PescaAct\u00edvate est\u00e1 dirigida a estudiantes de secundaria que tiene como finalidad fortalecer las habilidades de liderazgo en los estudiantes para que creen iniciativas que fomenten el consumo de productos hidrobiol\u00f3gicos en su entorno mediante sesiones did\u00e1cticas y demostrativas.<\/p>\n<p>Nota de prensa Ministerio de la Producci\u00f3n<\/p>\n","protected":false},"excerpt":{"rendered":"<p>Viceministro de la MYPE e Industria, Samuel Torres, clausur\u00f3 jornadas educativas PescaEduca y PescaAct\u00edvate en la regi\u00f3n La Libertad. Con el objetivo de incentivar el consumo del pescado, especialmente en ni\u00f1as, ni\u00f1os y adolescentes en el pa\u00eds, el Ministerio de la Producci\u00f3n (Produce), cierra el 2023, logrando capacitar a 55 000 estudiantes de 362 instituciones [&hellip;]<\/p>\n","protected":false},"author":2,"featured_media":28383,"comment_status":"open","ping_status":"open","sticky":false,"template":"","format":"standard","meta":{"footnotes":""},"categories":[63],"tags":[],"class_list":["post-28382","post","type-post","status-publish","format-standard","has-post-thumbnail","hentry","category-noticias"],"_links":{"self":[{"href":"http:\/\/www.perupesquero.org\/web\/wp-json\/wp\/v2\/posts\/28382","targetHints":{"allow":["GET"]}}],"collection":[{"href":"http:\/\/www.perupesquero.org\/web\/wp-json\/wp\/v2\/posts"}],"about":[{"href":"http:\/\/www.perupesquero.org\/web\/wp-json\/wp\/v2\/types\/post"}],"author":[{"embeddable":true,"href":"http:\/\/www.perupesquero.org\/web\/wp-json\/wp\/v2\/users\/2"}],"replies":[{"embeddable":true,"href":"http:\/\/www.perupesquero.org\/web\/wp-json\/wp\/v2\/comments?post=28382"}],"version-history":[{"count":2,"href":"http:\/\/www.perupesquero.org\/web\/wp-json\/wp\/v2\/posts\/28382\/revisions"}],"predecessor-version":[{"id":28386,"href":"http:\/\/www.perupesquero.org\/web\/wp-json\/wp\/v2\/posts\/28382\/revisions\/28386"}],"wp:featuredmedia":[{"embeddable":true,"href":"http:\/\/www.perupesquero.org\/web\/wp-json\/wp\/v2\/media\/28383"}],"wp:attachment":[{"href":"http:\/\/www.perupesquero.org\/web\/wp-json\/wp\/v2\/media?parent=28382"}],"wp:term":[{"taxonomy":"category","embeddable":true,"href":"http:\/\/www.perupesquero.org\/web\/wp-json\/wp\/v2\/categories?post=28382"},{"taxonomy":"post_tag","embeddable":true,"href":"http:\/\/www.perupesquero.org\/web\/wp-json\/wp\/v2\/tags?post=28382"}],"curies":[{"name":"wp","href":"https:\/\/api.w.org\/{rel}","templated":true}]}}