{"id":28366,"date":"2023-12-27T17:08:12","date_gmt":"2023-12-27T22:08:12","guid":{"rendered":"http:\/\/www.perupesquero.org\/web\/?p=28366"},"modified":"2023-12-27T17:08:24","modified_gmt":"2023-12-27T22:08:24","slug":"confepach-es-optimista-por-nueva-ley-de-pesca","status":"publish","type":"post","link":"http:\/\/www.perupesquero.org\/web\/confepach-es-optimista-por-nueva-ley-de-pesca\/","title":{"rendered":"Confepach es optimista por nueva Ley de Pesca"},"content":{"rendered":"<p>Marcelo Soto Castillo, presidente del Directorio de Confepach, se mostr\u00f3 optimista frente a la presentaci\u00f3n de la propuesta de nueva Ley de Pesca, realizada por el presidente de la Rep\u00fablica, Gabriel Boric, durante un acto que se llev\u00f3 a cabo en Caleta Quintay.<\/p>\n<p>La Confederaci\u00f3n Nacional de Federaciones de Pescadores Artesanales de Chile (CONFEPACH) expres\u00f3 su satisfacci\u00f3n ante el anuncio del ingreso al Parlamento de la propuesta de la nueva Ley de Pesca. Seg\u00fan lo expuesto por el propio presidente Boric en la caleta de Quintay, se vislumbran oportunidades prometedoras para avanzar hacia la materializaci\u00f3n de los anhelos hist\u00f3ricamente postergados por el sector pesquero.<\/p>\n<p>El l\u00edder de la comunidad pesquera destac\u00f3 los puntos esenciales presentados, remarcando que muchos de ellos fueron previamente comunicados por la Confederaci\u00f3n a trav\u00e9s de diversas instancias con autoridades sectoriales.<\/p>\n<p>Soto Castillo enfatiz\u00f3 en los principales ejes abordados:<\/p>\n<p>-Desarrollo sostenible de la actividad pesquera.<\/p>\n<p>-Equidad en el sector pesquero.<\/p>\n<p>-Transparencia y combate contra la pesca ilegal.<\/p>\n<p>-Seguridad alimentaria y consumo humano.<\/p>\n<p>-Modernizaci\u00f3n y fortalecimiento de la regulaci\u00f3n e institucionalidad pesquera.<\/p>\n<p>El dirigente expres\u00f3 su expectativa por conocer en detalle el texto completo de esta nueva Ley, con el objetivo de contribuir al debate p\u00fablico y evitar los errores del pasado en la formulaci\u00f3n de regulaciones. Asimismo, hizo hincapi\u00e9 en la necesidad de que la pesca artesanal sea reconocida como un oficio ancestral de suma importancia en lo social, econ\u00f3mico y cultural.<\/p>\n<p>Fuente: MundoAcuicola<\/p>\n","protected":false},"excerpt":{"rendered":"<p>Marcelo Soto Castillo, presidente del Directorio de Confepach, se mostr\u00f3 optimista frente a la presentaci\u00f3n de la propuesta de nueva Ley de Pesca, realizada por el presidente de la Rep\u00fablica, Gabriel Boric, durante un acto que se llev\u00f3 a cabo en Caleta Quintay. La Confederaci\u00f3n Nacional de Federaciones de Pescadores Artesanales de Chile (CONFEPACH) expres\u00f3 [&hellip;]<\/p>\n","protected":false},"author":2,"featured_media":28367,"comment_status":"open","ping_status":"open","sticky":false,"template":"","format":"standard","meta":{"footnotes":""},"categories":[63],"tags":[],"class_list":["post-28366","post","type-post","status-publish","format-standard","has-post-thumbnail","hentry","category-noticias"],"_links":{"self":[{"href":"http:\/\/www.perupesquero.org\/web\/wp-json\/wp\/v2\/posts\/28366","targetHints":{"allow":["GET"]}}],"collection":[{"href":"http:\/\/www.perupesquero.org\/web\/wp-json\/wp\/v2\/posts"}],"about":[{"href":"http:\/\/www.perupesquero.org\/web\/wp-json\/wp\/v2\/types\/post"}],"author":[{"embeddable":true,"href":"http:\/\/www.perupesquero.org\/web\/wp-json\/wp\/v2\/users\/2"}],"replies":[{"embeddable":true,"href":"http:\/\/www.perupesquero.org\/web\/wp-json\/wp\/v2\/comments?post=28366"}],"version-history":[{"count":1,"href":"http:\/\/www.perupesquero.org\/web\/wp-json\/wp\/v2\/posts\/28366\/revisions"}],"predecessor-version":[{"id":28368,"href":"http:\/\/www.perupesquero.org\/web\/wp-json\/wp\/v2\/posts\/28366\/revisions\/28368"}],"wp:featuredmedia":[{"embeddable":true,"href":"http:\/\/www.perupesquero.org\/web\/wp-json\/wp\/v2\/media\/28367"}],"wp:attachment":[{"href":"http:\/\/www.perupesquero.org\/web\/wp-json\/wp\/v2\/media?parent=28366"}],"wp:term":[{"taxonomy":"category","embeddable":true,"href":"http:\/\/www.perupesquero.org\/web\/wp-json\/wp\/v2\/categories?post=28366"},{"taxonomy":"post_tag","embeddable":true,"href":"http:\/\/www.perupesquero.org\/web\/wp-json\/wp\/v2\/tags?post=28366"}],"curies":[{"name":"wp","href":"https:\/\/api.w.org\/{rel}","templated":true}]}}