{"id":28333,"date":"2023-12-19T22:21:55","date_gmt":"2023-12-20T03:21:55","guid":{"rendered":"http:\/\/www.perupesquero.org\/web\/?p=28333"},"modified":"2023-12-19T22:21:55","modified_gmt":"2023-12-20T03:21:55","slug":"adios-alerta-de-el-nino-costero-fenomeno-es-moderado-y-podria-debilitarse","status":"publish","type":"post","link":"http:\/\/www.perupesquero.org\/web\/adios-alerta-de-el-nino-costero-fenomeno-es-moderado-y-podria-debilitarse\/","title":{"rendered":"\u00bfAdi\u00f3s alerta de El Ni\u00f1o costero? Fen\u00f3meno es moderado y podr\u00eda debilitarse"},"content":{"rendered":"<p>Los eminentes cambios en las condiciones del Oc\u00e9ano Pacifico y la atmosfera han dado un vuelco de 180\u00b0 a los pron\u00f3sticos nacionales e internacionales del publicitado fen\u00f3meno El Ni\u00f1o, algunos apocal\u00edpticos y alarmistas, otros inexactos porque recogen datos imprecisos para convertirlos en los peores mensajes y reportarlos como probables, cuando en la actualidad son improbables.<\/p>\n<p>En ese sentido, Perupesquero y asesores cient\u00edficos sustentan, que el evento meteorol\u00f3gico El Ni\u00f1o costero que se afirmaba ser\u00eda devastador en las regiones Ni\u00f1o 3.4 (Pacifico central) y principalmente en regi\u00f3n Ni\u00f1o 1+2 (zona adyacente a la costa de Per\u00fa), en estas dos \u00faltimas semanas antes de Navidad-2023, \u00a0ha mostrado que las anomal\u00edas sufrieron un baj\u00f3n en el \u00e1rea 1+2, fluctuando entre 1.3\u00b0C y 1.5\u00b0C, que significa magnitud moderada. Es decir, el catastr\u00f3fico El Ni\u00f1o se convirti\u00f3 en ofensivo, dejando sin piso a los alarmistas del clima.<\/p>\n<p>A ello se agrega, que tomando en cuenta el \u00edndice utilizado oficialmente por el Comit\u00e9 Multisectorial para el Estudio del Fen\u00f3meno El Ni\u00f1o (ENFEN) para el monitoreo de El Ni\u00f1o, tenemos que este evento natural se presenta en actualidad como <strong>moderado <\/strong>(muy cerca a considerado como d\u00e9bil) porque su magnitud se ubica entre 1\u00b0C y 2\u00b0C de probabilidad de ocurrencia.<\/p>\n<p>Para ratificar lo comentado l\u00edneas arriba, el 15 de diciembre el ENFEN emiti\u00f3 su \u00faltimo comunicado (N\u00b0 20) donde basado en los datos observados, as\u00ed como de los pron\u00f3sticos de los modelos clim\u00e1ticos internacionales a la fecha, inform\u00f3 que en la regi\u00f3n Ni\u00f1o 1+2 es m\u00e1s probable que predominen las condiciones c\u00e1lidas moderadas hasta febrero de 2024, siendo la magnitud <strong>moderada<\/strong> (54 %) con la probabilidad de que sea evento <strong>d\u00e9bi<\/strong>l (20%).<\/p>\n<p>Asimismo, respecto al Pac\u00edfico central (regi\u00f3n Ni\u00f1o 3.4) el ENFEN espera que El Ni\u00f1o contin\u00fae hasta inicios de oto\u00f1o de 2024, alcanzando su m\u00e1xima intensidad entre diciembre y enero. Las magnitudes m\u00e1s probables para el verano son fuertes (45 %) y moderada (41 %). Es bueno recalcar, que esta zona no est\u00e1 conectada con la costa peruana.<\/p>\n<p>Sin duda, el mensaje del ENFEN puede generar un impacto emocional m\u00e1s que una probabilidad cient\u00edfica y es que, tras analizar su an\u00e1lisis sobre los recursos pesqueros, en este caso, asegura que la caballa incrementar\u00e1 su proceso reproductivo de acuerdo a su patr\u00f3n hist\u00f3rico, entonces cabr\u00eda preguntar \u00bfpor qu\u00e9 el Ministerio de la Producci\u00f3n cerr\u00f3 las operaciones de captura de este pel\u00e1gico (caballa que muchas veces acompa\u00f1a al jurel)?<\/p>\n<p>As\u00ed tambi\u00e9n, la merluza (demersal) que seg\u00fan ENFEN en las pr\u00f3ximas semanas se mantendr\u00eda baja su disponibilidad para la captura industrial, semejante a lo observado durante el mes de noviembre. En este punto, es oportuno refutar, porque esta especie al estar sometida al impacto El Ni\u00f1o, amplia su \u00e1rea de distribuci\u00f3n hacia el sur, un claro ejemplo fue lo sucedi\u00f3 en el evento natural de 1997, donde la flota industrial merlucera tuvo que trasladarse hasta Salaverry. En la actualidad, los espec\u00edmenes m\u00e1s grandes de este recurso se ubican desde Paita hacia el norte.<\/p>\n<p>Indudablemente, ofrecer informaci\u00f3n menos precisa causa incertidumbre en la sociedad, turistas, inversionistas, sobre todo, si se utilizan predicciones y escenarios horribles para traumatizar a la poblaci\u00f3n con la esperanza de que se pueda adoptar una pol\u00edtica contra los impactos de estos eventos naturales. Pregunta \u00bfcu\u00e1nto viene gastando el Estado peruano en acciones de prevenci\u00f3n, comunicaci\u00f3n y mitigaci\u00f3n para hacer frente al fen\u00f3meno El Ni\u00f1o? Esperemos que la rendici\u00f3n de cuentas sea transparente.<\/p>\n<p>&nbsp;<\/p>\n","protected":false},"excerpt":{"rendered":"<p>Los eminentes cambios en las condiciones del Oc\u00e9ano Pacifico y la atmosfera han dado un vuelco de 180\u00b0 a los pron\u00f3sticos nacionales e internacionales del publicitado fen\u00f3meno El Ni\u00f1o, algunos apocal\u00edpticos y alarmistas, otros inexactos porque recogen datos imprecisos para convertirlos en los peores mensajes y reportarlos como probables, cuando en la actualidad son improbables. [&hellip;]<\/p>\n","protected":false},"author":2,"featured_media":28334,"comment_status":"open","ping_status":"open","sticky":false,"template":"","format":"standard","meta":{"footnotes":""},"categories":[63],"tags":[],"class_list":["post-28333","post","type-post","status-publish","format-standard","has-post-thumbnail","hentry","category-noticias"],"_links":{"self":[{"href":"http:\/\/www.perupesquero.org\/web\/wp-json\/wp\/v2\/posts\/28333","targetHints":{"allow":["GET"]}}],"collection":[{"href":"http:\/\/www.perupesquero.org\/web\/wp-json\/wp\/v2\/posts"}],"about":[{"href":"http:\/\/www.perupesquero.org\/web\/wp-json\/wp\/v2\/types\/post"}],"author":[{"embeddable":true,"href":"http:\/\/www.perupesquero.org\/web\/wp-json\/wp\/v2\/users\/2"}],"replies":[{"embeddable":true,"href":"http:\/\/www.perupesquero.org\/web\/wp-json\/wp\/v2\/comments?post=28333"}],"version-history":[{"count":1,"href":"http:\/\/www.perupesquero.org\/web\/wp-json\/wp\/v2\/posts\/28333\/revisions"}],"predecessor-version":[{"id":28335,"href":"http:\/\/www.perupesquero.org\/web\/wp-json\/wp\/v2\/posts\/28333\/revisions\/28335"}],"wp:featuredmedia":[{"embeddable":true,"href":"http:\/\/www.perupesquero.org\/web\/wp-json\/wp\/v2\/media\/28334"}],"wp:attachment":[{"href":"http:\/\/www.perupesquero.org\/web\/wp-json\/wp\/v2\/media?parent=28333"}],"wp:term":[{"taxonomy":"category","embeddable":true,"href":"http:\/\/www.perupesquero.org\/web\/wp-json\/wp\/v2\/categories?post=28333"},{"taxonomy":"post_tag","embeddable":true,"href":"http:\/\/www.perupesquero.org\/web\/wp-json\/wp\/v2\/tags?post=28333"}],"curies":[{"name":"wp","href":"https:\/\/api.w.org\/{rel}","templated":true}]}}