{"id":28309,"date":"2023-12-11T18:08:05","date_gmt":"2023-12-11T23:08:05","guid":{"rendered":"http:\/\/www.perupesquero.org\/web\/?p=28309"},"modified":"2023-12-11T18:08:05","modified_gmt":"2023-12-11T23:08:05","slug":"ministra-de-la-produccion-confirma-que-pesca-de-anchoveta-no-cerrara","status":"publish","type":"post","link":"http:\/\/www.perupesquero.org\/web\/ministra-de-la-produccion-confirma-que-pesca-de-anchoveta-no-cerrara\/","title":{"rendered":"Ministra de la Producci\u00f3n confirma que pesca de anchoveta no cerrar\u00e1"},"content":{"rendered":"<p>La ministra de la Producci\u00f3n, Ana Mar\u00eda Choquehuanca dijo, que hasta el 30 de noviembre se han capturado en la zona centro norte 987mil 428 toneladas de anchoveta, el 60% de la cuota total asignada para segunda temporada de pesca en la zona centro \u2013 norte del pa\u00eds.<\/p>\n<p>En entrevista con un medio de Chile, sostuvo que el 31% han sido de juveniles, 310 mil 305 toneladas, seg\u00fan informa Imarpe el organismo cient\u00edfico del Ministerio de la Producci\u00f3n peruano. Adem\u00e1s, comento que el tama\u00f1o de las anchovetas es peque\u00f1as y magra, con talla que oscila entre los 7 y 16 cent\u00edmetros.<\/p>\n<p>Sostuvo que, en los pr\u00f3ximos d\u00edas, seg\u00fan los pron\u00f3sticos a corto plazo, los vientos continuar\u00e1n de moderado a fuerte, lo cual debilitar\u00e1 el impacto de las ondas kelvin c\u00e1lidas.<\/p>\n<p>Al respecto, la ministra Choquehuanca, manifest\u00f3 que existe cierta preocupaci\u00f3n. No obstante, la temporada de pesca continuar\u00e1 y la cuota \u201cno ser\u00e1 revisada\u201d porque la resoluci\u00f3n ya ha sido emitida \u201cy las resoluciones cuentan con el respaldo de Imarpe&#8221;.<\/p>\n<p>El informe de Imarpe, explic\u00f3 la ministra, presenta cuatro escenarios: desfavorable, neutral desfavorable, neutral y favorable, y de esos cuatro, se elige uno de los escenarios. &#8220;Actualmente, enfrentamos un evento El Ni\u00f1o, por lo que hemos optado por el escenario desfavorable que Imarpe se\u00f1ala como un &#8216;Ni\u00f1o fuerte&#8217;, pero aplicando una tasa de explotaci\u00f3n del 0,31, equivalente a una cuota de 1,68 millones de toneladas, \u201cque es la que se ha asignado&#8221;, dijo Choquehuanca.<\/p>\n<p>Recogido de misPeces.com<\/p>\n","protected":false},"excerpt":{"rendered":"<p>La ministra de la Producci\u00f3n, Ana Mar\u00eda Choquehuanca dijo, que hasta el 30 de noviembre se han capturado en la zona centro norte 987mil 428 toneladas de anchoveta, el 60% de la cuota total asignada para segunda temporada de pesca en la zona centro \u2013 norte del pa\u00eds. En entrevista con un medio de Chile, [&hellip;]<\/p>\n","protected":false},"author":2,"featured_media":28310,"comment_status":"open","ping_status":"open","sticky":false,"template":"","format":"standard","meta":{"footnotes":""},"categories":[63],"tags":[],"class_list":["post-28309","post","type-post","status-publish","format-standard","has-post-thumbnail","hentry","category-noticias"],"_links":{"self":[{"href":"http:\/\/www.perupesquero.org\/web\/wp-json\/wp\/v2\/posts\/28309","targetHints":{"allow":["GET"]}}],"collection":[{"href":"http:\/\/www.perupesquero.org\/web\/wp-json\/wp\/v2\/posts"}],"about":[{"href":"http:\/\/www.perupesquero.org\/web\/wp-json\/wp\/v2\/types\/post"}],"author":[{"embeddable":true,"href":"http:\/\/www.perupesquero.org\/web\/wp-json\/wp\/v2\/users\/2"}],"replies":[{"embeddable":true,"href":"http:\/\/www.perupesquero.org\/web\/wp-json\/wp\/v2\/comments?post=28309"}],"version-history":[{"count":1,"href":"http:\/\/www.perupesquero.org\/web\/wp-json\/wp\/v2\/posts\/28309\/revisions"}],"predecessor-version":[{"id":28311,"href":"http:\/\/www.perupesquero.org\/web\/wp-json\/wp\/v2\/posts\/28309\/revisions\/28311"}],"wp:featuredmedia":[{"embeddable":true,"href":"http:\/\/www.perupesquero.org\/web\/wp-json\/wp\/v2\/media\/28310"}],"wp:attachment":[{"href":"http:\/\/www.perupesquero.org\/web\/wp-json\/wp\/v2\/media?parent=28309"}],"wp:term":[{"taxonomy":"category","embeddable":true,"href":"http:\/\/www.perupesquero.org\/web\/wp-json\/wp\/v2\/categories?post=28309"},{"taxonomy":"post_tag","embeddable":true,"href":"http:\/\/www.perupesquero.org\/web\/wp-json\/wp\/v2\/tags?post=28309"}],"curies":[{"name":"wp","href":"https:\/\/api.w.org\/{rel}","templated":true}]}}