{"id":28297,"date":"2023-12-04T20:44:30","date_gmt":"2023-12-05T01:44:30","guid":{"rendered":"http:\/\/www.perupesquero.org\/web\/?p=28297"},"modified":"2023-12-04T20:44:30","modified_gmt":"2023-12-05T01:44:30","slug":"fesip-participa-en-sesion-del-comite-de-manejo-de-la-sardina-comun-y-anchoveta","status":"publish","type":"post","link":"http:\/\/www.perupesquero.org\/web\/fesip-participa-en-sesion-del-comite-de-manejo-de-la-sardina-comun-y-anchoveta\/","title":{"rendered":"Fesip participa en sesi\u00f3n del comit\u00e9 de manejo de la sardina com\u00fan y anchoveta"},"content":{"rendered":"<p>La\u00a0<strong>presidenta de Fesip, Juana Silva<\/strong>, particip\u00f3 de la primera sesi\u00f3n del\u00a0<strong>Comit\u00e9 de Manejo de la Pesca de la Sardina Com\u00fan y Anchoveta de las regiones de Valpara\u00edso a Los Lagos<\/strong>, que se realiz\u00f3 recientemente en dependencias del Instituto de Fomento Pesquero (IFOP), en Talcahuano y que fue encabezado por su presidenta Lilian Troncoso.<\/p>\n<p>\u201cEstamos muy contentos como federaci\u00f3n de haber sido convocados. El sentarnos a conversar temas relevantes y aportar desde la mirada que tenemos como trabajadores de plantas de proceso es fundamental para futuras decisiones del mundo de la pesca\u201d, dijo y agreg\u00f3 que en esta ocasi\u00f3n el tema propuesto por Fesip fue el an\u00e1lisis del protocolo de buenas pr\u00e1cticas en temas medio ambientales.<\/p>\n<p>\u201cNos preocupa el entorno en el cual debe desempe\u00f1arse el trabajador de la industria, libre de contaminaci\u00f3n. Hemos avanzado mucho y debemos mejorar a\u00fan m\u00e1s en temas de contaminaci\u00f3n\u201d, destac\u00f3 la presidenta de Fesip, Juana Silva, quien adem\u00e1s reiter\u00f3 la petici\u00f3n que ha realizado la organizaci\u00f3n que representa en relaci\u00f3n a otorgar mayor poder resolutivo a los integrantes de estos consejos. \u201cEsperemos que esto se incluya en la nueva Ley de Pesca\u201d, enfatiz\u00f3.<\/p>\n<p><strong>Fuente:aqua.cl<\/strong><\/p>\n<p><strong><em>Fotograf\u00eda: Fesip\u00a0<\/em><\/strong><\/p>\n","protected":false},"excerpt":{"rendered":"<p>La\u00a0presidenta de Fesip, Juana Silva, particip\u00f3 de la primera sesi\u00f3n del\u00a0Comit\u00e9 de Manejo de la Pesca de la Sardina Com\u00fan y Anchoveta de las regiones de Valpara\u00edso a Los Lagos, que se realiz\u00f3 recientemente en dependencias del Instituto de Fomento Pesquero (IFOP), en Talcahuano y que fue encabezado por su presidenta Lilian Troncoso. \u201cEstamos muy [&hellip;]<\/p>\n","protected":false},"author":2,"featured_media":28298,"comment_status":"open","ping_status":"open","sticky":false,"template":"","format":"standard","meta":{"footnotes":""},"categories":[63],"tags":[],"class_list":["post-28297","post","type-post","status-publish","format-standard","has-post-thumbnail","hentry","category-noticias"],"_links":{"self":[{"href":"http:\/\/www.perupesquero.org\/web\/wp-json\/wp\/v2\/posts\/28297","targetHints":{"allow":["GET"]}}],"collection":[{"href":"http:\/\/www.perupesquero.org\/web\/wp-json\/wp\/v2\/posts"}],"about":[{"href":"http:\/\/www.perupesquero.org\/web\/wp-json\/wp\/v2\/types\/post"}],"author":[{"embeddable":true,"href":"http:\/\/www.perupesquero.org\/web\/wp-json\/wp\/v2\/users\/2"}],"replies":[{"embeddable":true,"href":"http:\/\/www.perupesquero.org\/web\/wp-json\/wp\/v2\/comments?post=28297"}],"version-history":[{"count":1,"href":"http:\/\/www.perupesquero.org\/web\/wp-json\/wp\/v2\/posts\/28297\/revisions"}],"predecessor-version":[{"id":28299,"href":"http:\/\/www.perupesquero.org\/web\/wp-json\/wp\/v2\/posts\/28297\/revisions\/28299"}],"wp:featuredmedia":[{"embeddable":true,"href":"http:\/\/www.perupesquero.org\/web\/wp-json\/wp\/v2\/media\/28298"}],"wp:attachment":[{"href":"http:\/\/www.perupesquero.org\/web\/wp-json\/wp\/v2\/media?parent=28297"}],"wp:term":[{"taxonomy":"category","embeddable":true,"href":"http:\/\/www.perupesquero.org\/web\/wp-json\/wp\/v2\/categories?post=28297"},{"taxonomy":"post_tag","embeddable":true,"href":"http:\/\/www.perupesquero.org\/web\/wp-json\/wp\/v2\/tags?post=28297"}],"curies":[{"name":"wp","href":"https:\/\/api.w.org\/{rel}","templated":true}]}}