{"id":28288,"date":"2023-12-01T23:20:05","date_gmt":"2023-12-02T04:20:05","guid":{"rendered":"http:\/\/www.perupesquero.org\/web\/?p=28288"},"modified":"2023-12-01T23:20:05","modified_gmt":"2023-12-02T04:20:05","slug":"comision-de-produccion-recibio-informes-sobre-pesca-ilegal-de-la-zona-de-canete","status":"publish","type":"post","link":"http:\/\/www.perupesquero.org\/web\/comision-de-produccion-recibio-informes-sobre-pesca-ilegal-de-la-zona-de-canete\/","title":{"rendered":"Comisi\u00f3n de Producci\u00f3n recibi\u00f3 informes sobre pesca ilegal de la zona de Ca\u00f1ete"},"content":{"rendered":"<p>Representantes de los ministerios de Producci\u00f3n y de Defensa informaron ante la Comisi\u00f3n de Producci\u00f3n, Micro y Peque\u00f1a Empresa y Cooperativa del Congreso, que preside Jorge Morante Figari (FP), sobre las acciones realizadas por sus sectores ante la pesca ilegal de la zona de Ca\u00f1ete.<\/p>\n<p>En la sesi\u00f3n, en representaci\u00f3n del Mindef, particip\u00f3 la capit\u00e1n de corbeta Heylin Guti\u00e9rrez Tong, por la Direcci\u00f3n General de Capitan\u00edas y Guardacostas, quien se\u00f1al\u00f3 que en Ca\u00f1ete existen dos jurisdicciones de capitan\u00edas de puerto, que ha realizados operativos multisectoriales con la presencia de funcionarios de Produce.<\/p>\n<p>Agreg\u00f3 que los operativos realizados han tenido resultado positivos y que, por ejemplo, hasta la fecha en este a\u00f1o, se han decomisado 300 mil kilos de productos hidrobiol\u00f3gicos producto de pesca de recursos no autorizados, en \u00e1reas de reservas y prohibidas, entre otros.<\/p>\n<p>Por su parte, la viceministra de Pesca y Acuicultura, \u00darsula Desil\u00fa Le\u00f3n Chemp\u00e9n, sostuvo que su sector ha realizado 120 operativos de fiscalizaci\u00f3n en la zona mar\u00edtima de Ca\u00f1ete, donde se han detectado 24 infracciones. Asimismo, dijo que los recursos hidrobiol\u00f3gicos decomisados fueron donados a la poblaci\u00f3n de bajos recursos.<\/p>\n<p>\u201cPara este mes de diciembre se ha previsto realizar acciones de control con participaci\u00f3n de la Direcci\u00f3n General de Capitan\u00edas y Guardacostas, quienes facilitaran la patrulla costera\u201d, sostuvo.<\/p>\n<p>Centro de Noticias del Congreso<\/p>\n<p>&nbsp;<\/p>\n","protected":false},"excerpt":{"rendered":"<p>Representantes de los ministerios de Producci\u00f3n y de Defensa informaron ante la Comisi\u00f3n de Producci\u00f3n, Micro y Peque\u00f1a Empresa y Cooperativa del Congreso, que preside Jorge Morante Figari (FP), sobre las acciones realizadas por sus sectores ante la pesca ilegal de la zona de Ca\u00f1ete. En la sesi\u00f3n, en representaci\u00f3n del Mindef, particip\u00f3 la capit\u00e1n [&hellip;]<\/p>\n","protected":false},"author":2,"featured_media":28289,"comment_status":"open","ping_status":"open","sticky":false,"template":"","format":"standard","meta":{"footnotes":""},"categories":[63],"tags":[],"class_list":["post-28288","post","type-post","status-publish","format-standard","has-post-thumbnail","hentry","category-noticias"],"_links":{"self":[{"href":"http:\/\/www.perupesquero.org\/web\/wp-json\/wp\/v2\/posts\/28288","targetHints":{"allow":["GET"]}}],"collection":[{"href":"http:\/\/www.perupesquero.org\/web\/wp-json\/wp\/v2\/posts"}],"about":[{"href":"http:\/\/www.perupesquero.org\/web\/wp-json\/wp\/v2\/types\/post"}],"author":[{"embeddable":true,"href":"http:\/\/www.perupesquero.org\/web\/wp-json\/wp\/v2\/users\/2"}],"replies":[{"embeddable":true,"href":"http:\/\/www.perupesquero.org\/web\/wp-json\/wp\/v2\/comments?post=28288"}],"version-history":[{"count":1,"href":"http:\/\/www.perupesquero.org\/web\/wp-json\/wp\/v2\/posts\/28288\/revisions"}],"predecessor-version":[{"id":28290,"href":"http:\/\/www.perupesquero.org\/web\/wp-json\/wp\/v2\/posts\/28288\/revisions\/28290"}],"wp:featuredmedia":[{"embeddable":true,"href":"http:\/\/www.perupesquero.org\/web\/wp-json\/wp\/v2\/media\/28289"}],"wp:attachment":[{"href":"http:\/\/www.perupesquero.org\/web\/wp-json\/wp\/v2\/media?parent=28288"}],"wp:term":[{"taxonomy":"category","embeddable":true,"href":"http:\/\/www.perupesquero.org\/web\/wp-json\/wp\/v2\/categories?post=28288"},{"taxonomy":"post_tag","embeddable":true,"href":"http:\/\/www.perupesquero.org\/web\/wp-json\/wp\/v2\/tags?post=28288"}],"curies":[{"name":"wp","href":"https:\/\/api.w.org\/{rel}","templated":true}]}}