{"id":28277,"date":"2023-11-29T23:31:57","date_gmt":"2023-11-30T04:31:57","guid":{"rendered":"http:\/\/www.perupesquero.org\/web\/?p=28277"},"modified":"2023-11-29T23:32:46","modified_gmt":"2023-11-30T04:32:46","slug":"sima-peru-inicia-construccion-de-dos-nuevas-patrulleras-maritimas-en-chimbote","status":"publish","type":"post","link":"http:\/\/www.perupesquero.org\/web\/sima-peru-inicia-construccion-de-dos-nuevas-patrulleras-maritimas-en-chimbote\/","title":{"rendered":"Sima Per\u00fa inicia construcci\u00f3n de dos nuevas patrulleras mar\u00edtimas en Chimbote"},"content":{"rendered":"<p><em><strong>Modernas unidades ser\u00e1n construidas con los m\u00e1s exigentes est\u00e1ndares de calidad y certificaciones internacionales.<\/strong><\/em><\/p>\n<p>La presidenta de la Rep\u00fablica, Dina Boluarte Zegarra, encabez\u00f3 esta ma\u00f1ana la ceremonia de colocaci\u00f3n de la quilla (pieza base de las embarcaciones) de las dos nuevas patrulleras mar\u00edtimas que ser\u00e1n construidas por la empresa nacional Servicios Industriales de la Marina (Sima Per\u00fa S.A) adscrita al Ministerio de Defensa.<\/p>\n<p>Con la puesta de la quilla se inicia la construcci\u00f3n de las patrulleras mar\u00edtimas N\u00b0 7 (B.A.P. R\u00edo Huarmey) y N\u00b0 8 (B.A.P. R\u00edo Nepe\u00f1a), en los astilleros SIMA PER\u00da ubicados en Chimbote, regi\u00f3n \u00c1ncash, como parte de la continuidad de un proyecto de inversi\u00f3n p\u00fablica referido a la construcci\u00f3n de diez de estas naves.<\/p>\n<p>Estas\u00a0modernas unidades ser\u00e1n construidas con los m\u00e1s exigentes est\u00e1ndares de calidad y certificaciones internacionales,\u00a0con la adquisici\u00f3n de nuevas tecnolog\u00edas de construcci\u00f3n naval a trav\u00e9s de un trabajo conjunto y asistencia t\u00e9cnica con la\u00a0empresa coreana STX Corporation\u00a0bajo la modalidad de coproducci\u00f3n.<\/p>\n<p>La continuidad del proyecto de inversi\u00f3n p\u00fablica \u201cRecuperaci\u00f3n de la Capacidad para Realizar Operaciones Guardacostas de Superficie en el Dominio Mar\u00edtimo Nacional y Operaciones de B\u00fasqueda y Rescate en el \u00c1rea SAR\u201d\u00a0generar\u00e1 m\u00e1s de 1,500 puestos de trabajo\u00a0(directos e indirectos), as\u00ed como un n\u00famero de plazas en las actividades conexas o concurrentes de empresas nacionales locales y Mypes de la regi\u00f3n.<\/p>\n<p>Las\u00a0<strong>patrulleras mar\u00edtimas N\u00b0 7 y N\u00b0 8 reforzar\u00e1n las capacidades de la Marina de Guerra del Per\u00fa y cumplir\u00e1n diversas misiones como vigilancia mar\u00edtima, protecci\u00f3n del medio ambiente, b\u00fasqueda y rescate de personas, control de tr\u00e1fico mar\u00edtimo, interdicci\u00f3n de actividades il\u00edcitas, apoyo en desastres y evacuaci\u00f3n de personas, entre otras.<\/strong><strong>\u00a0<\/strong><\/p>\n<p><strong>\u00a0<\/strong>Este\u00a0proceso se viene llevando a cabo como parte de los esfuerzos del Ministerio de Defensa\u00a0para fortalecer las capacidades de las Fuerzas Armadas\u00a0y en el contexto de las medidas adoptadas por el Poder Ejecutivo a trav\u00e9s de una\u00a0mesa ejecutiva conformada por el Ministerio de Econom\u00eda\u00a0para la reforma de la industria nacional a trav\u00e9s del fortalecimiento de la industria naval en el Per\u00fa.<\/p>\n<p>\u201cEstas patrulleras estar\u00e1n al servicio de la patria, resguardando la defensa nacional, el medio ambiente y la fauna marina, enfrentando delitos como la pesca ilegal y la delincuencia en alta mar, apoyando las tareas de rescate y de ayuda humanitaria\u201d, destac\u00f3 la mandataria durante su discurso.<\/p>\n<p>El\u00a0inicio de la construcci\u00f3n de estas embarcaciones, dijo, marca un hito en el impulso a la industria que lidera la Marina de Guerra. \u201cEstas dos grandes obras fortalecer\u00e1n la industria naval y, a su vez, generar\u00e1n m\u00e1s de 1500 puestos de trabajo. Su construcci\u00f3n se har\u00e1 bajo los m\u00e1s exigentes est\u00e1ndares de calidad\u201d, resalt\u00f3.<\/p>\n<p>Por su parte, el jefe del Estado Mayor General de la Marina y presidente del Directorio de SIMA PER\u00da, vicealmirante C\u00e9sar Ernesto Colunge Pinto, resalt\u00f3 que estas dos patrulleras fortalecer\u00e1n las capacidades de la Marina de Guerra para contar con una mayor cobertura en el dominio mar\u00edtimo nacional. \u201cSer\u00e1n construidas con nuevas tecnolog\u00edas de construcci\u00f3n naval, integrando a las industrias que demandaron el procesamiento del acero\u201d, dijo.<\/p>\n<p>Al acto de colocaci\u00f3n de la quilla tambi\u00e9n asisti\u00f3 el director ejecutivo del SIMA, contralmirante C\u00e9sar Augusto Benavides Iraola.<\/p>\n<p>Fuente:\u00a0 Ministerio de Defensa<\/p>\n<p>&nbsp;<\/p>\n","protected":false},"excerpt":{"rendered":"<p>Modernas unidades ser\u00e1n construidas con los m\u00e1s exigentes est\u00e1ndares de calidad y certificaciones internacionales. La presidenta de la Rep\u00fablica, Dina Boluarte Zegarra, encabez\u00f3 esta ma\u00f1ana la ceremonia de colocaci\u00f3n de la quilla (pieza base de las embarcaciones) de las dos nuevas patrulleras mar\u00edtimas que ser\u00e1n construidas por la empresa nacional Servicios Industriales de la Marina [&hellip;]<\/p>\n","protected":false},"author":2,"featured_media":28278,"comment_status":"open","ping_status":"open","sticky":false,"template":"","format":"standard","meta":{"footnotes":""},"categories":[63],"tags":[],"class_list":["post-28277","post","type-post","status-publish","format-standard","has-post-thumbnail","hentry","category-noticias"],"_links":{"self":[{"href":"http:\/\/www.perupesquero.org\/web\/wp-json\/wp\/v2\/posts\/28277","targetHints":{"allow":["GET"]}}],"collection":[{"href":"http:\/\/www.perupesquero.org\/web\/wp-json\/wp\/v2\/posts"}],"about":[{"href":"http:\/\/www.perupesquero.org\/web\/wp-json\/wp\/v2\/types\/post"}],"author":[{"embeddable":true,"href":"http:\/\/www.perupesquero.org\/web\/wp-json\/wp\/v2\/users\/2"}],"replies":[{"embeddable":true,"href":"http:\/\/www.perupesquero.org\/web\/wp-json\/wp\/v2\/comments?post=28277"}],"version-history":[{"count":2,"href":"http:\/\/www.perupesquero.org\/web\/wp-json\/wp\/v2\/posts\/28277\/revisions"}],"predecessor-version":[{"id":28280,"href":"http:\/\/www.perupesquero.org\/web\/wp-json\/wp\/v2\/posts\/28277\/revisions\/28280"}],"wp:featuredmedia":[{"embeddable":true,"href":"http:\/\/www.perupesquero.org\/web\/wp-json\/wp\/v2\/media\/28278"}],"wp:attachment":[{"href":"http:\/\/www.perupesquero.org\/web\/wp-json\/wp\/v2\/media?parent=28277"}],"wp:term":[{"taxonomy":"category","embeddable":true,"href":"http:\/\/www.perupesquero.org\/web\/wp-json\/wp\/v2\/categories?post=28277"},{"taxonomy":"post_tag","embeddable":true,"href":"http:\/\/www.perupesquero.org\/web\/wp-json\/wp\/v2\/tags?post=28277"}],"curies":[{"name":"wp","href":"https:\/\/api.w.org\/{rel}","templated":true}]}}