{"id":28222,"date":"2023-11-18T12:57:28","date_gmt":"2023-11-18T17:57:28","guid":{"rendered":"http:\/\/www.perupesquero.org\/web\/?p=28222"},"modified":"2023-11-18T12:57:42","modified_gmt":"2023-11-18T17:57:42","slug":"pescadores-artesanales-gestionan-proyectos-productivos-para-morrope","status":"publish","type":"post","link":"http:\/\/www.perupesquero.org\/web\/pescadores-artesanales-gestionan-proyectos-productivos-para-morrope\/","title":{"rendered":"Pescadores artesanales gestionan proyectos productivos para M\u00f3rrope"},"content":{"rendered":"<p>La Asociaci\u00f3n de Pescadores Artesanales Caser\u00edo Palo Blanco del distrito de M\u00f3rrope viene impulsando proyectos productivos en acuicultura y maricultura, que beneficiar\u00e1 a cientos de familias que se dedican a la pesca artesanal.<\/p>\n<p>Una comisi\u00f3n de directivos sostuvieron una reuni\u00f3n con el gobernador regional de Lambayeque, Jorge P\u00e9rez Flores, a quien le expusieron las necesidades y problem\u00e1tica del sector pesquero artesanal.<\/p>\n<p>El gobernador regional expres\u00f3 su compromiso para impulsar proyectos productivos a trav\u00e9s de la Gerencia de Desarrollo Productivo y el programa\u00a0 Pro Compite, que permitir\u00e1 otorgar el financiamiento a los proyectos productivos de los pescadores artesanales de M\u00f3rrope y de todo el litoral lambayecano.<\/p>\n<p>Asimismo, expusieron sobre la elaboraci\u00f3n del perfil y expediente t\u00e9cnico para la construcci\u00f3n de una trocha para tener acceso a la playa Palo Parado frente a la isla Lobos de Tierra, as\u00ed como el mejoramiento del camino desde M\u00f3rrope hasta el caser\u00edo Palo Blanco, instalaci\u00f3n de una depuradora de palabritas, conchas de abanico, entre otros.<\/p>\n<p>Participaron de la reuni\u00f3n, la gerente regional de Desarrollo\u00a0 Productivo y los presidentes de las Asociaciones de Pescadores de Palo Blanco, Cartagena, Oficina de Promoci\u00f3n Econ\u00f3mica de la Municipalidad de M\u00f3rrope y un representante de Acuicultura e Industrializaci\u00f3n de Proyectos.<\/p>\n<p>&nbsp;<\/p>\n<p>Nota de prensa gobierno regional Lambayeque<\/p>\n<p>&nbsp;<\/p>\n<p>&nbsp;<\/p>\n<p>&nbsp;<\/p>\n","protected":false},"excerpt":{"rendered":"<p>La Asociaci\u00f3n de Pescadores Artesanales Caser\u00edo Palo Blanco del distrito de M\u00f3rrope viene impulsando proyectos productivos en acuicultura y maricultura, que beneficiar\u00e1 a cientos de familias que se dedican a la pesca artesanal. Una comisi\u00f3n de directivos sostuvieron una reuni\u00f3n con el gobernador regional de Lambayeque, Jorge P\u00e9rez Flores, a quien le expusieron las necesidades [&hellip;]<\/p>\n","protected":false},"author":2,"featured_media":28223,"comment_status":"open","ping_status":"open","sticky":false,"template":"","format":"standard","meta":{"footnotes":""},"categories":[63],"tags":[],"class_list":["post-28222","post","type-post","status-publish","format-standard","has-post-thumbnail","hentry","category-noticias"],"_links":{"self":[{"href":"http:\/\/www.perupesquero.org\/web\/wp-json\/wp\/v2\/posts\/28222","targetHints":{"allow":["GET"]}}],"collection":[{"href":"http:\/\/www.perupesquero.org\/web\/wp-json\/wp\/v2\/posts"}],"about":[{"href":"http:\/\/www.perupesquero.org\/web\/wp-json\/wp\/v2\/types\/post"}],"author":[{"embeddable":true,"href":"http:\/\/www.perupesquero.org\/web\/wp-json\/wp\/v2\/users\/2"}],"replies":[{"embeddable":true,"href":"http:\/\/www.perupesquero.org\/web\/wp-json\/wp\/v2\/comments?post=28222"}],"version-history":[{"count":1,"href":"http:\/\/www.perupesquero.org\/web\/wp-json\/wp\/v2\/posts\/28222\/revisions"}],"predecessor-version":[{"id":28224,"href":"http:\/\/www.perupesquero.org\/web\/wp-json\/wp\/v2\/posts\/28222\/revisions\/28224"}],"wp:featuredmedia":[{"embeddable":true,"href":"http:\/\/www.perupesquero.org\/web\/wp-json\/wp\/v2\/media\/28223"}],"wp:attachment":[{"href":"http:\/\/www.perupesquero.org\/web\/wp-json\/wp\/v2\/media?parent=28222"}],"wp:term":[{"taxonomy":"category","embeddable":true,"href":"http:\/\/www.perupesquero.org\/web\/wp-json\/wp\/v2\/categories?post=28222"},{"taxonomy":"post_tag","embeddable":true,"href":"http:\/\/www.perupesquero.org\/web\/wp-json\/wp\/v2\/tags?post=28222"}],"curies":[{"name":"wp","href":"https:\/\/api.w.org\/{rel}","templated":true}]}}