{"id":2801,"date":"2014-12-11T20:23:03","date_gmt":"2014-12-12T01:23:03","guid":{"rendered":"http:\/\/www.perupesquero.org\/?p=2801"},"modified":"2014-12-11T20:23:03","modified_gmt":"2014-12-12T01:23:03","slug":"pescadores-protestaran-por-crisis-de-la-anchoveta","status":"publish","type":"post","link":"http:\/\/www.perupesquero.org\/web\/pescadores-protestaran-por-crisis-de-la-anchoveta\/","title":{"rendered":"Pescadores protestar\u00e1n por crisis de la Anchoveta"},"content":{"rendered":"<p style=\"text-align: justify;\">Ante la indiferencia del Gobierno por atender sus demandas, los miles de pescadores afiliados al Sindicato<em> \u201cJos\u00e9 Olaya Balandra\u201d<\/em> efectuar\u00e1n una protesta por las calles de Chimbote, en Per\u00fa, llamando la atenci\u00f3n de las autoridades nacionales a su problem\u00e1tica.<\/p>\n<p style=\"text-align: justify;\">Santiago Bocanegra Mej\u00eda, Secretario General del gremio, declar\u00f3 que algunas de sus demandas son liberar el 100% de las CTS, exoneraci\u00f3n del pago del impuesto a la renta de quinta categor\u00eda por el lapso de tres a\u00f1os, ayuda en bonos de v\u00edveres y congelamiento de deudas bancarias hasta el reinicio de la Actividad Pesquera.<\/p>\n<p style=\"text-align: justify;\">El Dirigente reiter\u00f3 la situaci\u00f3n de crisis en el sector por la ausencia de la Anchoveta lo que ya est\u00e1 generando problemas en algunos hogares de pescadores sobre todo los que tienen hijos en colegios privados y universidades cuyos pagos de mensualidades se tornan impagables.<\/p>\n<p style=\"text-align: justify;\"><em>\u201cEl Gobierno est\u00e1 indiferente a nuestras demandas. Nos dicen que tenemos que esperar el informe de IMARPE sobre el estudio de la Biomasa del estudio Eureka, mientras eso el pescador est\u00e1 en crisis econ\u00f3mica y la situaci\u00f3n es angustiante\u201d<\/em>, manifest\u00f3 el Dirigente.<\/p>\n<p style=\"text-align: justify;\">Sobre las condiciones del recurso, dijo tener informes preliminares que indican que est\u00e1 de tama\u00f1o juvenil y no cree que el informe que emita el IMARPE al concluir el estudio de Eureka<em> \u201crevierta la situaci\u00f3n a pesar de las presiones que podr\u00edan efectuar los armadores pesqueros de la SNP&#8221;<\/em>, dijo.<\/p>\n<p style=\"text-align: justify;\"><strong>FUENTE:<\/strong> Aqua.cl<\/p>\n","protected":false},"excerpt":{"rendered":"<p>Ante la indiferencia del Gobierno por atender sus demandas, los miles de pescadores afiliados al Sindicato \u201cJos\u00e9 Olaya Balandra\u201d efectuar\u00e1n una protesta por las calles de Chimbote, en Per\u00fa, llamando la atenci\u00f3n de las autoridades nacionales a su problem\u00e1tica. Santiago Bocanegra Mej\u00eda, Secretario General del gremio, declar\u00f3 que algunas de sus demandas son liberar el [&hellip;]<\/p>\n","protected":false},"author":2,"featured_media":0,"comment_status":"open","ping_status":"open","sticky":false,"template":"","format":"standard","meta":{"footnotes":""},"categories":[78,63,67],"tags":[334,757,915,1715],"class_list":["post-2801","post","type-post","status-publish","format-standard","hentry","category-nacionales","category-noticias","category-pesqueria","tag-biomasa","tag-eureka","tag-imarpe","tag-snp"],"_links":{"self":[{"href":"http:\/\/www.perupesquero.org\/web\/wp-json\/wp\/v2\/posts\/2801","targetHints":{"allow":["GET"]}}],"collection":[{"href":"http:\/\/www.perupesquero.org\/web\/wp-json\/wp\/v2\/posts"}],"about":[{"href":"http:\/\/www.perupesquero.org\/web\/wp-json\/wp\/v2\/types\/post"}],"author":[{"embeddable":true,"href":"http:\/\/www.perupesquero.org\/web\/wp-json\/wp\/v2\/users\/2"}],"replies":[{"embeddable":true,"href":"http:\/\/www.perupesquero.org\/web\/wp-json\/wp\/v2\/comments?post=2801"}],"version-history":[{"count":0,"href":"http:\/\/www.perupesquero.org\/web\/wp-json\/wp\/v2\/posts\/2801\/revisions"}],"wp:attachment":[{"href":"http:\/\/www.perupesquero.org\/web\/wp-json\/wp\/v2\/media?parent=2801"}],"wp:term":[{"taxonomy":"category","embeddable":true,"href":"http:\/\/www.perupesquero.org\/web\/wp-json\/wp\/v2\/categories?post=2801"},{"taxonomy":"post_tag","embeddable":true,"href":"http:\/\/www.perupesquero.org\/web\/wp-json\/wp\/v2\/tags?post=2801"}],"curies":[{"name":"wp","href":"https:\/\/api.w.org\/{rel}","templated":true}]}}