{"id":2797,"date":"2014-12-11T19:34:54","date_gmt":"2014-12-12T00:34:54","guid":{"rendered":"http:\/\/www.perupesquero.org\/?p=2797"},"modified":"2014-12-11T19:34:54","modified_gmt":"2014-12-12T00:34:54","slug":"pesqueria-de-anchoveta-una-victima-del-cambio-climatico","status":"publish","type":"post","link":"http:\/\/www.perupesquero.org\/web\/pesqueria-de-anchoveta-una-victima-del-cambio-climatico\/","title":{"rendered":"Pesquer\u00eda de Anchoveta, \u00bfuna v\u00edctima del cambio clim\u00e1tico?"},"content":{"rendered":"<p style=\"text-align: justify;\">El impacto del cambio clim\u00e1tico en la econom\u00eda peruana restar\u00eda un 15 % de su Producto Interno Bruto durante este siglo, al afectar negativamente a los Sectores Pesquero, Agr\u00edcola y Minero.<\/p>\n<p style=\"text-align: justify;\">As\u00ed lo indica un estudio elaborado por la Comisi\u00f3n Econ\u00f3mica para Am\u00e9rica Latina y el Caribe (Cepal), el Banco Interamericano de Desarrollo (BID) y el Gobierno nacional.<\/p>\n<p style=\"text-align: justify;\">De acuerdo con los expertos, el calentamiento global ocasionar\u00eda efectos negativos sobre la Actividad Pesquera, y en especial, una reducci\u00f3n en la captura de Anchoveta.<\/p>\n<p style=\"text-align: justify;\">Y si llegara a ocurrir eso, conllevar\u00eda una ca\u00edda en la producci\u00f3n de Harina de Pescado.<\/p>\n<p style=\"text-align: justify;\">El informe se\u00f1ala que Per\u00fa es considerado uno de los pa\u00edses m\u00e1s vulnerables del mundo frente al aumento de las temperaturas, que genera deshielos de los glaciares, inundaciones y tambi\u00e9n sequ\u00edas.<\/p>\n<p style=\"text-align: justify;\">La naci\u00f3n posee el 70 % de los glaciares tropicales del mundo y una quinta parte de estos nevados ya desaparecieron debido al calentamiento global registrado durante los \u00faltimos 30 a\u00f1os.<\/p>\n<p style=\"text-align: justify;\">&#8220;<em>De la amplitud de las p\u00e9rdidas analizadas se desprende la necesidad de actuar lo antes posible para reducir la vulnerabilidad de todo el territorio<\/em>&#8221; peruano, se lee en el documento, seg\u00fan inform\u00f3 la <em>Agencia Reuters<\/em>.<\/p>\n<p style=\"text-align: justify;\">El informe, titulado La econom\u00eda del cambio clim\u00e1tico en el Per\u00fa, fue presentado durante la Conferencia de las Partes de la Convenci\u00f3n Marco de las Naciones Unidas sobre el Cambio Clim\u00e1tico (COP20).<\/p>\n<p style=\"text-align: justify;\">Para los investigadores, Per\u00fa es vulnerable al cambio clim\u00e1tico por contar con siete de las nueve caracter\u00edsticas de vulnerabilidad reconocidas por la Convenci\u00f3n: poseer zonas costeras bajas, zonas \u00e1ridas y semi\u00e1ridas; tener \u00e1reas susceptibles a la deforestaci\u00f3n o erosi\u00f3n, a los desastres naturales, a la sequ\u00eda y la desertificaci\u00f3n; y contar con \u00e1reas urbanas altamente contaminadas y ecosistemas fr\u00e1giles, inform\u00f3 <em>Diario Gesti\u00f3n.<\/em><\/p>\n<p style=\"text-align: justify;\"><strong>FUENTE:<\/strong> Fis.com<\/p>\n","protected":false},"excerpt":{"rendered":"<p>El impacto del cambio clim\u00e1tico en la econom\u00eda peruana restar\u00eda un 15 % de su Producto Interno Bruto durante este siglo, al afectar negativamente a los Sectores Pesquero, Agr\u00edcola y Minero. As\u00ed lo indica un estudio elaborado por la Comisi\u00f3n Econ\u00f3mica para Am\u00e9rica Latina y el Caribe (Cepal), el Banco Interamericano de Desarrollo (BID) y [&hellip;]<\/p>\n","protected":false},"author":2,"featured_media":2798,"comment_status":"open","ping_status":"open","sticky":false,"template":"","format":"standard","meta":{"footnotes":""},"categories":[78,63,67],"tags":[195,329,430,878],"class_list":["post-2797","post","type-post","status-publish","format-standard","has-post-thumbnail","hentry","category-nacionales","category-noticias","category-pesqueria","tag-anchoveta","tag-bid","tag-cepal","tag-harina-de-pescado"],"_links":{"self":[{"href":"http:\/\/www.perupesquero.org\/web\/wp-json\/wp\/v2\/posts\/2797","targetHints":{"allow":["GET"]}}],"collection":[{"href":"http:\/\/www.perupesquero.org\/web\/wp-json\/wp\/v2\/posts"}],"about":[{"href":"http:\/\/www.perupesquero.org\/web\/wp-json\/wp\/v2\/types\/post"}],"author":[{"embeddable":true,"href":"http:\/\/www.perupesquero.org\/web\/wp-json\/wp\/v2\/users\/2"}],"replies":[{"embeddable":true,"href":"http:\/\/www.perupesquero.org\/web\/wp-json\/wp\/v2\/comments?post=2797"}],"version-history":[{"count":0,"href":"http:\/\/www.perupesquero.org\/web\/wp-json\/wp\/v2\/posts\/2797\/revisions"}],"wp:featuredmedia":[{"embeddable":true,"href":"http:\/\/www.perupesquero.org\/web\/wp-json\/"}],"wp:attachment":[{"href":"http:\/\/www.perupesquero.org\/web\/wp-json\/wp\/v2\/media?parent=2797"}],"wp:term":[{"taxonomy":"category","embeddable":true,"href":"http:\/\/www.perupesquero.org\/web\/wp-json\/wp\/v2\/categories?post=2797"},{"taxonomy":"post_tag","embeddable":true,"href":"http:\/\/www.perupesquero.org\/web\/wp-json\/wp\/v2\/tags?post=2797"}],"curies":[{"name":"wp","href":"https:\/\/api.w.org\/{rel}","templated":true}]}}