{"id":27945,"date":"2023-10-08T08:49:57","date_gmt":"2023-10-08T13:49:57","guid":{"rendered":"http:\/\/www.perupesquero.org\/web\/?p=27945"},"modified":"2023-10-08T09:36:44","modified_gmt":"2023-10-08T14:36:44","slug":"el-nino-sur-de-ecuador-y-norte-de-peru-se-enfrian-culmino-el-calentamiento-costero","status":"publish","type":"post","link":"http:\/\/www.perupesquero.org\/web\/el-nino-sur-de-ecuador-y-norte-de-peru-se-enfrian-culmino-el-calentamiento-costero\/","title":{"rendered":"El Ni\u00f1o:  Sur de Ecuador y norte de Per\u00fa se enfr\u00edan \u00bfculmin\u00f3 el calentamiento costero?"},"content":{"rendered":"<p>La alarma general, que la intensidad del fen\u00f3meno (evento) El Ni\u00f1o ser\u00eda extremo y llegar\u00eda en unos meses, podr\u00eda dar un giro de 180 grados, dado que el calentamiento costero desde Piura hasta el sur, presenta una temperatura superficial de mar (TSM) por debajo de 18\u00b0C. Mientras que frente a Tumbes y al sur de Ecuador se han observado anomal\u00edas -2\u00b0C, de acuerdo a las im\u00e1genes del 5 de octubre del 2023, que public\u00f3 el bolet\u00edn diario de las condiciones oceanogr\u00e1ficas de la Direcci\u00f3n de Hidrograf\u00eda y Navegaci\u00f3n de la Marina de Guerra del Per\u00fa. (mapas de la fotograf\u00eda)<\/p>\n<p>Estos cambios oceanogr\u00e1ficos que se vienen observados est\u00e1n influenciados por los llamados vientos Alisios, que se han intensificado notoriamente. As\u00ed tenemos, que actualmente Talara tiene una anomal\u00eda (-0.2 \u00b0C) (TSM 18.1\u00b0C) y Paita (+0.2\u00b0C), (TSM 17.3 \u00b0C). Inusitados enfriamientos, suceden a pesar que los pron\u00f3sticos nacionales y modelos internacionales proyectan una alta probabilidad que El Ni\u00f1o ser\u00eda fuerte y afectar\u00e1 el verano de 2024.<\/p>\n<p>Es bueno insistir, que no solo se ha enfriado el norte peruano, tambi\u00e9n la costa central, donde se observa el ingreso de la Corriente de Humboldt y la intensificaci\u00f3n de afloramientos, causando el alejamiento de las aguas Oce\u00e1nicas, lo que ha originado que Chimbote presente TMS (20.3 \u00b0C) y anomal\u00edas (+1.4 \u00b0C); Salaverry TSM (18.4\u00b0C), (+2.6\u00b0C) y el Callao TSM (17.0\u00b0C), (+2.2\u00b0C). Escenario, que se hace muy propicio para el retorno de la anchoveta adulta a sus \u00e1reas habituales de distribuci\u00f3n. (tablas de temperaturas)<\/p>\n<p><strong>\u00bfIngresar\u00e1 una nueva onda Kelvin c\u00e1lida?<\/strong><\/p>\n<p>Actualmente, las anomal\u00edas subsuperficiales a lo largo de la l\u00ednea ecuatorial, presentan anomal\u00edas hasta + 5\u00b0C (por encima de lo normal); sin embargo, para que se produzca una onda Kelvin c\u00e1lida tendr\u00eda que invertirse los vientos Alisios al otro lado del Oc\u00e9ano Pacifico cerca a Australia, proceso que no ha sucedido. Mientras, los vientos contin\u00faen fuertes, las condiciones volver\u00edan a lo normal en la mayor parte del Pacifico.<\/p>\n<p>Es evidente que la influencia de los vientos Alisios cumple un rol primordial en este proceso de enfriamiento inesperado, que sumado al ingreso de la Corriente de Humboldt y la pronunciada activaci\u00f3n del Anticicl\u00f3n del Sur podr\u00edan dar una sorpresa a las instituciones nacionales e internacionales que estudian El Ni\u00f1o y La Ni\u00f1a. (Aviso meterol\u00f3gico)<\/p>\n<p><strong>Lluvias<\/strong><\/p>\n<p>Asimismo, existen muchos temores que lluvias fuertes vayan ocurrir en la zona norte; empero, es importante saber que el promedio hist\u00f3rico de lluvias para Piura en enero es de 25 mm, febrero 25 mm y marzo 42 mm. Por lo tanto, como se presentan en la actualidad las condiciones oceanogr\u00e1ficas, dif\u00edcilmente en los meses mencionados podr\u00eda producirse esas lluvias promedio, como cuando ocurre un Ni\u00f1o fuerte. Este pron\u00f3stico no incluye las partes altas de la regi\u00f3n de Piura. Seguiremos informando.<\/p>\n<p><img decoding=\"async\" class=\"aligncenter size-medium wp-image-27947\" src=\"http:\/\/www.perupesquero.org\/web\/wp-content\/uploads\/2023\/10\/WhatsApp-Image-2023-10-08-at-1.05.44-AM.jpeg\" alt=\"\" width=\"100%\" height=\"450\" srcset=\"http:\/\/www.perupesquero.org\/web\/wp-content\/uploads\/2023\/10\/WhatsApp-Image-2023-10-08-at-1.05.44-AM.jpeg 966w, http:\/\/www.perupesquero.org\/web\/wp-content\/uploads\/2023\/10\/WhatsApp-Image-2023-10-08-at-1.05.44-AM-300x216.jpeg 300w, http:\/\/www.perupesquero.org\/web\/wp-content\/uploads\/2023\/10\/WhatsApp-Image-2023-10-08-at-1.05.44-AM-768x552.jpeg 768w\" sizes=\"(max-width: 966px) 100vw, 966px\" \/><br \/>\n<img decoding=\"async\" class=\"aligncenter size-medium wp-image-27948\" src=\"http:\/\/www.perupesquero.org\/web\/wp-content\/uploads\/2023\/10\/nino-6-de-octubre-del-2023.png\" alt=\"\" width=\"100%\" height=\"450\" srcset=\"http:\/\/www.perupesquero.org\/web\/wp-content\/uploads\/2023\/10\/nino-6-de-octubre-del-2023.png 1087w, http:\/\/www.perupesquero.org\/web\/wp-content\/uploads\/2023\/10\/nino-6-de-octubre-del-2023-300x222.png 300w, http:\/\/www.perupesquero.org\/web\/wp-content\/uploads\/2023\/10\/nino-6-de-octubre-del-2023-1024x758.png 1024w, http:\/\/www.perupesquero.org\/web\/wp-content\/uploads\/2023\/10\/nino-6-de-octubre-del-2023-768x569.png 768w\" sizes=\"(max-width: 1087px) 100vw, 1087px\" \/><\/p>\n","protected":false},"excerpt":{"rendered":"<p>La alarma general, que la intensidad del fen\u00f3meno (evento) El Ni\u00f1o ser\u00eda extremo y llegar\u00eda en unos meses, podr\u00eda dar un giro de 180 grados, dado que el calentamiento costero desde Piura hasta el sur, presenta una temperatura superficial de mar (TSM) por debajo de 18\u00b0C. Mientras que frente a Tumbes y al sur de [&hellip;]<\/p>\n","protected":false},"author":2,"featured_media":27946,"comment_status":"open","ping_status":"open","sticky":false,"template":"","format":"standard","meta":{"footnotes":""},"categories":[63],"tags":[],"class_list":["post-27945","post","type-post","status-publish","format-standard","has-post-thumbnail","hentry","category-noticias"],"_links":{"self":[{"href":"http:\/\/www.perupesquero.org\/web\/wp-json\/wp\/v2\/posts\/27945","targetHints":{"allow":["GET"]}}],"collection":[{"href":"http:\/\/www.perupesquero.org\/web\/wp-json\/wp\/v2\/posts"}],"about":[{"href":"http:\/\/www.perupesquero.org\/web\/wp-json\/wp\/v2\/types\/post"}],"author":[{"embeddable":true,"href":"http:\/\/www.perupesquero.org\/web\/wp-json\/wp\/v2\/users\/2"}],"replies":[{"embeddable":true,"href":"http:\/\/www.perupesquero.org\/web\/wp-json\/wp\/v2\/comments?post=27945"}],"version-history":[{"count":3,"href":"http:\/\/www.perupesquero.org\/web\/wp-json\/wp\/v2\/posts\/27945\/revisions"}],"predecessor-version":[{"id":27952,"href":"http:\/\/www.perupesquero.org\/web\/wp-json\/wp\/v2\/posts\/27945\/revisions\/27952"}],"wp:featuredmedia":[{"embeddable":true,"href":"http:\/\/www.perupesquero.org\/web\/wp-json\/wp\/v2\/media\/27946"}],"wp:attachment":[{"href":"http:\/\/www.perupesquero.org\/web\/wp-json\/wp\/v2\/media?parent=27945"}],"wp:term":[{"taxonomy":"category","embeddable":true,"href":"http:\/\/www.perupesquero.org\/web\/wp-json\/wp\/v2\/categories?post=27945"},{"taxonomy":"post_tag","embeddable":true,"href":"http:\/\/www.perupesquero.org\/web\/wp-json\/wp\/v2\/tags?post=27945"}],"curies":[{"name":"wp","href":"https:\/\/api.w.org\/{rel}","templated":true}]}}