{"id":27932,"date":"2023-10-05T18:46:35","date_gmt":"2023-10-05T23:46:35","guid":{"rendered":"http:\/\/www.perupesquero.org\/web\/?p=27932"},"modified":"2023-10-05T18:46:35","modified_gmt":"2023-10-05T23:46:35","slug":"el-nino-temperaturas-y-salinidad-del-mar-peruano-se-vienen-normalizando-favoreciendo-presencia-de-anchoveta-adulta","status":"publish","type":"post","link":"http:\/\/www.perupesquero.org\/web\/el-nino-temperaturas-y-salinidad-del-mar-peruano-se-vienen-normalizando-favoreciendo-presencia-de-anchoveta-adulta\/","title":{"rendered":"El Ni\u00f1o: Temperaturas y salinidad del mar peruano se vienen normalizando favoreciendo presencia de anchoveta adulta"},"content":{"rendered":"<p><em><strong>Enfriamiento de las aguas desde Chimbote hasta la zona sur, genera desconcierto en los pronosticadores<\/strong><\/em><\/p>\n<p>\u00bfLa naturaleza empez\u00f3 a hablar? Contra todo pron\u00f3stico, el litoral peruano viene experimentando, cambios significativos en salinidad y Temperatura Superficial de Mar (TSM), al punto que las proyecciones que se producir\u00eda un calentamiento extremo para diciembre 2023 y verano 2024 por influencia del fen\u00f3meno El Ni\u00f1o, vienen cojeando, frente al inesperado enfriamiento de las aguas marinas desde Chimbote hasta el sur, potenciado la presencia de la anchoveta grande con el ingreso de la Corriente de Humboldt y la fortaleza de los vientos Alisios.<\/p>\n<p>Estos cambios oceanogr\u00e1ficos que obedecen a la normalizaci\u00f3n, sugieren un mejor an\u00e1lisis de este nuevo proceso clim\u00e1tico y que se evidencia con la disminuci\u00f3n de las anomal\u00edas en las zonas norte\u00f1as de Talara (+0.6) y Paita (+0.5) al 3 de octubre del 2023 y cuyas temperaturas superficiales de mar son menores a 19\u00b0C. M\u00e1s bajas que Chimbote, que se mantiene en 21.1 \u00b0C, mientras que Salaverry 19.2 \u00b0C, diferenci\u00e1ndose al puerto del Callao con 17.1 \u00b0C. Estas tres \u00faltimas zonas, ubicadas en el centro, cuyas anomal\u00edas son variables pero menores +4. (fuente: <a href=\"https:\/\/www.dhn.mil.pe\/portal\/boletin-diario-condiciones-oceanograficas\">https:\/\/www.dhn.mil.pe\/portal\/boletin-diario-condiciones-oceanograficas<\/a>).<\/p>\n<p>La data recogida y desmenuzada por Perupesquero, obliga a los expertos del clima a revisar los modelos y las proyecciones, en especial, cuando la anomal\u00eda t\u00e9rmica del \u00e1rea Ni\u00f1o 1+2, que es la zona frente a la costa de Per\u00fa y Ecuador, marc\u00f3 en +2.8\u00b0C en la \u00faltima semana de setiembre y con tendencia a disminuir m\u00e1s, tal y como se vienen registrando las temperaturas de mar, frente a las condiciones atmosf\u00e9ricas que presentan anomal\u00edas positivas. Ello se traduce, que estos factores devienen porque el Oc\u00e9ano y la Atmosfera se est\u00e1n acoplando en forma tard\u00eda, originado que el publicitado El Ni\u00f1o no sea extremo para el verano 2024 y por consiguiente, las lluvias abundantes profetizadas, sean solo leves lloviznas (fuente: <a href=\"https:\/\/www.ciochallenger.com\/\">https:\/\/www.ciochallenger.com\/<\/a>).<\/p>\n<p>\u00bfAnchoveta adulta se podr\u00e1 extraer?<\/p>\n<p>Aunque, las condiciones oceanogr\u00e1ficas no se han normalizado al 100%; sin embargo, se sabe que al revertirse la profundizaci\u00f3n de la isoterma (l\u00ednea que une los puntos de temperaturas) de 15\u00b0C y la isoox\u00edgena (l\u00ednea que une de igual valor de ox\u00edgeno) de 0.5 ml \/ en el corto plazo podr\u00eda generar la normalizaci\u00f3n de la distribuci\u00f3n de la anchoveta con m\u00e1s de 12 cms. Este proceso se ratifica, porque desde el mes de setiembre, la isoterma de 15\u00b0C viene ascendiendo desde Chicama hasta el extremo sur de Per\u00fa.<\/p>\n<p>De otro lado, es importante que, al darse estos inusuales enfriamientos en el mar, ser\u00eda adecuado que los pronosticadores del calentamiento, aclaren que \u00e1reas ser\u00edan las afectadas con El Ni\u00f1o, sobre todo, si est\u00e1n basados en modelos, ya que, sin ser negacionistas, las corrientes y los vientos que recorren los 18 mil kil\u00f3metros de ancho del Oc\u00e9ano Pacifico, pueda que hayan alterado la certeza de sus prof\u00e9ticas proyecciones.<\/p>\n<p>&nbsp;<\/p>\n","protected":false},"excerpt":{"rendered":"<p>Enfriamiento de las aguas desde Chimbote hasta la zona sur, genera desconcierto en los pronosticadores \u00bfLa naturaleza empez\u00f3 a hablar? Contra todo pron\u00f3stico, el litoral peruano viene experimentando, cambios significativos en salinidad y Temperatura Superficial de Mar (TSM), al punto que las proyecciones que se producir\u00eda un calentamiento extremo para diciembre 2023 y verano 2024 [&hellip;]<\/p>\n","protected":false},"author":2,"featured_media":27933,"comment_status":"open","ping_status":"open","sticky":false,"template":"","format":"standard","meta":{"footnotes":""},"categories":[63],"tags":[],"class_list":["post-27932","post","type-post","status-publish","format-standard","has-post-thumbnail","hentry","category-noticias"],"_links":{"self":[{"href":"http:\/\/www.perupesquero.org\/web\/wp-json\/wp\/v2\/posts\/27932","targetHints":{"allow":["GET"]}}],"collection":[{"href":"http:\/\/www.perupesquero.org\/web\/wp-json\/wp\/v2\/posts"}],"about":[{"href":"http:\/\/www.perupesquero.org\/web\/wp-json\/wp\/v2\/types\/post"}],"author":[{"embeddable":true,"href":"http:\/\/www.perupesquero.org\/web\/wp-json\/wp\/v2\/users\/2"}],"replies":[{"embeddable":true,"href":"http:\/\/www.perupesquero.org\/web\/wp-json\/wp\/v2\/comments?post=27932"}],"version-history":[{"count":1,"href":"http:\/\/www.perupesquero.org\/web\/wp-json\/wp\/v2\/posts\/27932\/revisions"}],"predecessor-version":[{"id":27934,"href":"http:\/\/www.perupesquero.org\/web\/wp-json\/wp\/v2\/posts\/27932\/revisions\/27934"}],"wp:featuredmedia":[{"embeddable":true,"href":"http:\/\/www.perupesquero.org\/web\/wp-json\/wp\/v2\/media\/27933"}],"wp:attachment":[{"href":"http:\/\/www.perupesquero.org\/web\/wp-json\/wp\/v2\/media?parent=27932"}],"wp:term":[{"taxonomy":"category","embeddable":true,"href":"http:\/\/www.perupesquero.org\/web\/wp-json\/wp\/v2\/categories?post=27932"},{"taxonomy":"post_tag","embeddable":true,"href":"http:\/\/www.perupesquero.org\/web\/wp-json\/wp\/v2\/tags?post=27932"}],"curies":[{"name":"wp","href":"https:\/\/api.w.org\/{rel}","templated":true}]}}