{"id":27928,"date":"2023-10-03T20:20:50","date_gmt":"2023-10-04T01:20:50","guid":{"rendered":"http:\/\/www.perupesquero.org\/web\/?p=27928"},"modified":"2023-10-03T20:21:59","modified_gmt":"2023-10-04T01:21:59","slug":"pescadores-anchoveteros-exigen-entrega-de-creditos-para-enfrentar-la-crisis-en-el-sector","status":"publish","type":"post","link":"http:\/\/www.perupesquero.org\/web\/pescadores-anchoveteros-exigen-entrega-de-creditos-para-enfrentar-la-crisis-en-el-sector\/","title":{"rendered":"Pescadores anchoveteros exigen entrega de cr\u00e9ditos para enfrentar la crisis en el sector"},"content":{"rendered":"<p>El gobierno central promulg\u00f3 el Decreto de Urgencia N\u00b0 033-2023, dirigido a empresas armadores anchoveteros amparados en la Ley 26920, luego de un paro realizado el 12 de septiembre.\u00a0<strong>Pescadores y tripulantes ahora esperan el reglamento y la entrega de estos cr\u00e9ditos de manera urgente<\/strong>.<\/p>\n<p>\u201cLlevamos seis d\u00edas h\u00e1biles y son quince d\u00edas que es la lectura para reglamentarla y los requisitos para poder tener acceso al reactiva, a trav\u00e9s de Impulsa Per\u00fa,\u00a0<strong>estamos esperando que salga el reglamento<\/strong>\u201d, precis\u00f3 Fidel Periche, presidente del comit\u00e9 multisectorial de defensa del sector pesquero de la bah\u00eda de Sechura.<\/p>\n<p>Por su parte, el presidente de la Asociaci\u00f3n Nacional de Armadores Pesqueros Industriales, Medardo Vite, dijo que\u00a0<strong>es necesario que el Estado declare en emergencia el sector pesquero<\/strong>, de esta manera puedan llegar a acuerdos con las diferentes entidades financieras, ante la crisis econ\u00f3mica que en estos momentos vienen atravesando la pesca.<\/p>\n<p>\u201cNo facturamos desde hace nueve meses y hemos perdido fraccionamientos, multas en el sector, porque al banco cuando le voy a decir no pago porque no he tenido campa\u00f1as, no cree, pedimos la declaratoria de emergencia del sector para poder reprogramar\u201d, sostuvo Vite.<\/p>\n<p>Javier Eca Panta, presidente de la\u00a0<strong>Asociaci\u00f3n de Armadores Pesqueros\u2013 Base Becar\u00e1<\/strong>, hizo sentir su preocupaci\u00f3n por la situaci\u00f3n que viven los pescadores, ya que no han logrado desarrollar sus actividades con normalidad por el calentamiento de las aguas y pide la celeridad en el reglamento del decreto de urgencia.<\/p>\n<p>\u201c<strong>Lo que esperamos es que salga su reglamentaci\u00f3n para que nosotros acceder y tramitar los cr\u00e9ditos<\/strong>\u00a0que el estado, a trav\u00e9s del ministerio de econom\u00eda, nos conceda ese cr\u00e9dito para reactivar nuestra econom\u00eda\u201d, manifest\u00f3.<\/p>\n<p>Fuente: ElB\u00faho<\/p>\n","protected":false},"excerpt":{"rendered":"<p>El gobierno central promulg\u00f3 el Decreto de Urgencia N\u00b0 033-2023, dirigido a empresas armadores anchoveteros amparados en la Ley 26920, luego de un paro realizado el 12 de septiembre.\u00a0Pescadores y tripulantes ahora esperan el reglamento y la entrega de estos cr\u00e9ditos de manera urgente. \u201cLlevamos seis d\u00edas h\u00e1biles y son quince d\u00edas que es la [&hellip;]<\/p>\n","protected":false},"author":2,"featured_media":27814,"comment_status":"open","ping_status":"open","sticky":false,"template":"","format":"standard","meta":{"footnotes":""},"categories":[63],"tags":[],"class_list":["post-27928","post","type-post","status-publish","format-standard","has-post-thumbnail","hentry","category-noticias"],"_links":{"self":[{"href":"http:\/\/www.perupesquero.org\/web\/wp-json\/wp\/v2\/posts\/27928","targetHints":{"allow":["GET"]}}],"collection":[{"href":"http:\/\/www.perupesquero.org\/web\/wp-json\/wp\/v2\/posts"}],"about":[{"href":"http:\/\/www.perupesquero.org\/web\/wp-json\/wp\/v2\/types\/post"}],"author":[{"embeddable":true,"href":"http:\/\/www.perupesquero.org\/web\/wp-json\/wp\/v2\/users\/2"}],"replies":[{"embeddable":true,"href":"http:\/\/www.perupesquero.org\/web\/wp-json\/wp\/v2\/comments?post=27928"}],"version-history":[{"count":1,"href":"http:\/\/www.perupesquero.org\/web\/wp-json\/wp\/v2\/posts\/27928\/revisions"}],"predecessor-version":[{"id":27929,"href":"http:\/\/www.perupesquero.org\/web\/wp-json\/wp\/v2\/posts\/27928\/revisions\/27929"}],"wp:featuredmedia":[{"embeddable":true,"href":"http:\/\/www.perupesquero.org\/web\/wp-json\/wp\/v2\/media\/27814"}],"wp:attachment":[{"href":"http:\/\/www.perupesquero.org\/web\/wp-json\/wp\/v2\/media?parent=27928"}],"wp:term":[{"taxonomy":"category","embeddable":true,"href":"http:\/\/www.perupesquero.org\/web\/wp-json\/wp\/v2\/categories?post=27928"},{"taxonomy":"post_tag","embeddable":true,"href":"http:\/\/www.perupesquero.org\/web\/wp-json\/wp\/v2\/tags?post=27928"}],"curies":[{"name":"wp","href":"https:\/\/api.w.org\/{rel}","templated":true}]}}