{"id":27923,"date":"2023-10-02T21:33:31","date_gmt":"2023-10-03T02:33:31","guid":{"rendered":"http:\/\/www.perupesquero.org\/web\/?p=27923"},"modified":"2023-10-02T21:33:31","modified_gmt":"2023-10-03T02:33:31","slug":"crean-mesa-de-trabajo-para-proponer-acciones-ante-el-nino-global-en-sector-pesquero","status":"publish","type":"post","link":"http:\/\/www.perupesquero.org\/web\/crean-mesa-de-trabajo-para-proponer-acciones-ante-el-nino-global-en-sector-pesquero\/","title":{"rendered":"Crean mesa de trabajo para proponer acciones ante el Ni\u00f1o Global en sector pesquero"},"content":{"rendered":"<p>El Ministerio de Trabajo y Promoci\u00f3n del Empleo (MTPE) dispuso la creaci\u00f3n del Grupo de Trabajo Multisectorial, de naturaleza temporal, cuyo objeto es proponer acciones de mitigaci\u00f3n o contenci\u00f3n ante los efectos del fen\u00f3meno clim\u00e1tico del Ni\u00f1o Global en el sector pesquero en materias sociolaboral, seguridad social y seguridad y salud en el trabajo.<\/p>\n<p>De acuerdo con lo se\u00f1alado en la\u00a0Resoluci\u00f3n Ministerial N\u00b0 370-2023-TR<strong>,<\/strong>\u00a0este grupo estar\u00e1 integrado por un representante del despacho viceministerial de Trabajo del MTPE, que lo preside y por representantes de los ministerios de Salud, Desarrollo e Inclusi\u00f3n Social, Econom\u00eda y Finanzas, entre otras instituciones.<\/p>\n<p>La mesa se instalar\u00e1 dentro de los 10 d\u00edas calendario, contados a partir de ma\u00f1ana, y tiene como fin analizar las consecuencias sociolaborales ante el fen\u00f3meno clim\u00e1tico del Ni\u00f1o Global.<\/p>\n<p>Asimismo, propicia proponer acciones de mitigaci\u00f3n y contenci\u00f3n ante las condiciones clim\u00e1ticas del Ni\u00f1o Global en el sector pesquero en materias sociolaboral, seguridad social y seguridad y salud en el trabajo de los pescadores industriales y artesanales involucrados.<\/p>\n<p>Fuente: El Peruano<\/p>\n","protected":false},"excerpt":{"rendered":"<p>El Ministerio de Trabajo y Promoci\u00f3n del Empleo (MTPE) dispuso la creaci\u00f3n del Grupo de Trabajo Multisectorial, de naturaleza temporal, cuyo objeto es proponer acciones de mitigaci\u00f3n o contenci\u00f3n ante los efectos del fen\u00f3meno clim\u00e1tico del Ni\u00f1o Global en el sector pesquero en materias sociolaboral, seguridad social y seguridad y salud en el trabajo. De [&hellip;]<\/p>\n","protected":false},"author":2,"featured_media":26743,"comment_status":"open","ping_status":"open","sticky":false,"template":"","format":"standard","meta":{"footnotes":""},"categories":[63],"tags":[],"class_list":["post-27923","post","type-post","status-publish","format-standard","has-post-thumbnail","hentry","category-noticias"],"_links":{"self":[{"href":"http:\/\/www.perupesquero.org\/web\/wp-json\/wp\/v2\/posts\/27923","targetHints":{"allow":["GET"]}}],"collection":[{"href":"http:\/\/www.perupesquero.org\/web\/wp-json\/wp\/v2\/posts"}],"about":[{"href":"http:\/\/www.perupesquero.org\/web\/wp-json\/wp\/v2\/types\/post"}],"author":[{"embeddable":true,"href":"http:\/\/www.perupesquero.org\/web\/wp-json\/wp\/v2\/users\/2"}],"replies":[{"embeddable":true,"href":"http:\/\/www.perupesquero.org\/web\/wp-json\/wp\/v2\/comments?post=27923"}],"version-history":[{"count":1,"href":"http:\/\/www.perupesquero.org\/web\/wp-json\/wp\/v2\/posts\/27923\/revisions"}],"predecessor-version":[{"id":27924,"href":"http:\/\/www.perupesquero.org\/web\/wp-json\/wp\/v2\/posts\/27923\/revisions\/27924"}],"wp:featuredmedia":[{"embeddable":true,"href":"http:\/\/www.perupesquero.org\/web\/wp-json\/wp\/v2\/media\/26743"}],"wp:attachment":[{"href":"http:\/\/www.perupesquero.org\/web\/wp-json\/wp\/v2\/media?parent=27923"}],"wp:term":[{"taxonomy":"category","embeddable":true,"href":"http:\/\/www.perupesquero.org\/web\/wp-json\/wp\/v2\/categories?post=27923"},{"taxonomy":"post_tag","embeddable":true,"href":"http:\/\/www.perupesquero.org\/web\/wp-json\/wp\/v2\/tags?post=27923"}],"curies":[{"name":"wp","href":"https:\/\/api.w.org\/{rel}","templated":true}]}}