{"id":27920,"date":"2023-10-02T18:40:04","date_gmt":"2023-10-02T23:40:04","guid":{"rendered":"http:\/\/www.perupesquero.org\/web\/?p=27920"},"modified":"2023-10-02T18:40:04","modified_gmt":"2023-10-02T23:40:04","slug":"pescadores-de-mancora-iran-a-paro-este-3-de-octubre-por-el-limite-de-captura-del-tiburon-martillo","status":"publish","type":"post","link":"http:\/\/www.perupesquero.org\/web\/pescadores-de-mancora-iran-a-paro-este-3-de-octubre-por-el-limite-de-captura-del-tiburon-martillo\/","title":{"rendered":"Pescadores de M\u00e1ncora ir\u00e1n a paro este 3 de octubre por el l\u00edmite de captura del tibur\u00f3n martillo"},"content":{"rendered":"<p>Pescadores del distrito de M\u00e1ncora, anunciaron que este martes 3 de octubre, suspender\u00e1n sus labores en el desembarcadero pesquero artesanal, en protesta contra el l\u00edmite de captura del tibur\u00f3n martillo, dispuesto por el Ministerio de la Producci\u00f3n (Produce), a trav\u00e9s de la RM N\u00ba000132-2023-PRODUCE, que establece el l\u00edmite de captura del recurso tibur\u00f3n martillo (Sphyrna zygaena) 440 toneladas para este a\u00f1o 2023.<\/p>\n<p>De esta manera, la Asociaci\u00f3n del Gremio de Pescadores Artesanales (AGREPESAR M\u00c1NCORA) demandan ser escuchados por la presidenta del Per\u00fa, Dina Boluarte, ya que aducen que la caleta M\u00e1ncora est\u00e1 en cuidados intensivos por los bajos niveles de pesca, por tanto, piden la devoluci\u00f3n de la cuota cumplida por haber sumado el tibur\u00f3n martillo lewini y makorran a la cuota de este a\u00f1o, de lo contrario tendr\u00edan que votar al mar el tibur\u00f3n martillo por ser una pesca incidental.<\/p>\n<p>Asimismo, exigen de manera urgente al Instituto del Mar del Per\u00fa, Imarpe, capacite a los inspectores de Produce y sepan diferenciar la variedad de especies de tiburones. Adem\u00e1s, solicitan a la ministra de la Producci\u00f3n, Ana Mar\u00eda Choquehuanca, ampli\u00e9 la cuota de la especie tibur\u00f3n zygaena para este a\u00f1o 2023.<\/p>\n<p>Aclaran, que la pesquer\u00eda de cortina de flote no hace tanto da\u00f1o como si lo que realizan los grandes barcos extranjeros (flota china), que son causantes de la mayor depredaci\u00f3n dentro de nuestras 200 millas mar\u00edtimas.<\/p>\n<p>&nbsp;<\/p>\n<p>&nbsp;<\/p>\n","protected":false},"excerpt":{"rendered":"<p>Pescadores del distrito de M\u00e1ncora, anunciaron que este martes 3 de octubre, suspender\u00e1n sus labores en el desembarcadero pesquero artesanal, en protesta contra el l\u00edmite de captura del tibur\u00f3n martillo, dispuesto por el Ministerio de la Producci\u00f3n (Produce), a trav\u00e9s de la RM N\u00ba000132-2023-PRODUCE, que establece el l\u00edmite de captura del recurso tibur\u00f3n martillo (Sphyrna [&hellip;]<\/p>\n","protected":false},"author":2,"featured_media":27921,"comment_status":"open","ping_status":"open","sticky":false,"template":"","format":"standard","meta":{"footnotes":""},"categories":[63],"tags":[],"class_list":["post-27920","post","type-post","status-publish","format-standard","has-post-thumbnail","hentry","category-noticias"],"_links":{"self":[{"href":"http:\/\/www.perupesquero.org\/web\/wp-json\/wp\/v2\/posts\/27920","targetHints":{"allow":["GET"]}}],"collection":[{"href":"http:\/\/www.perupesquero.org\/web\/wp-json\/wp\/v2\/posts"}],"about":[{"href":"http:\/\/www.perupesquero.org\/web\/wp-json\/wp\/v2\/types\/post"}],"author":[{"embeddable":true,"href":"http:\/\/www.perupesquero.org\/web\/wp-json\/wp\/v2\/users\/2"}],"replies":[{"embeddable":true,"href":"http:\/\/www.perupesquero.org\/web\/wp-json\/wp\/v2\/comments?post=27920"}],"version-history":[{"count":1,"href":"http:\/\/www.perupesquero.org\/web\/wp-json\/wp\/v2\/posts\/27920\/revisions"}],"predecessor-version":[{"id":27922,"href":"http:\/\/www.perupesquero.org\/web\/wp-json\/wp\/v2\/posts\/27920\/revisions\/27922"}],"wp:featuredmedia":[{"embeddable":true,"href":"http:\/\/www.perupesquero.org\/web\/wp-json\/wp\/v2\/media\/27921"}],"wp:attachment":[{"href":"http:\/\/www.perupesquero.org\/web\/wp-json\/wp\/v2\/media?parent=27920"}],"wp:term":[{"taxonomy":"category","embeddable":true,"href":"http:\/\/www.perupesquero.org\/web\/wp-json\/wp\/v2\/categories?post=27920"},{"taxonomy":"post_tag","embeddable":true,"href":"http:\/\/www.perupesquero.org\/web\/wp-json\/wp\/v2\/tags?post=27920"}],"curies":[{"name":"wp","href":"https:\/\/api.w.org\/{rel}","templated":true}]}}