{"id":27914,"date":"2023-09-29T21:46:02","date_gmt":"2023-09-30T02:46:02","guid":{"rendered":"http:\/\/www.perupesquero.org\/web\/?p=27914"},"modified":"2023-09-29T21:46:18","modified_gmt":"2023-09-30T02:46:18","slug":"costa-rica-promueven-ley-que-prohibe-la-caza-del-tiburon-martillo","status":"publish","type":"post","link":"http:\/\/www.perupesquero.org\/web\/costa-rica-promueven-ley-que-prohibe-la-caza-del-tiburon-martillo\/","title":{"rendered":"Costa Rica: Promueven Ley que proh\u00edbe la caza del tibur\u00f3n martillo"},"content":{"rendered":"<p>El procurador general de la Rep\u00fablica,\u00a0Mauricio Castro Lizano,\u00a0emiti\u00f3 un criterio no vinculante a la Comisi\u00f3n de Ambiente de la Asamblea al respecto del\u00a0<a href=\"https:\/\/delfino.cr\/asamblea\/proyecto\/23666\">proyecto de Ley 23.666<\/a>, que busca la prohibir la caza del tibur\u00f3n martillo en el pa\u00eds.<\/p>\n<p>La iniciativa, presentada por el diputado del Partido Unidad Social Cristiana (PUSC),\u00a0Leslye Bojorges Le\u00f3n,\u00a0busca reformar el art\u00edculo 39 de la Ley de Pesca y Acuicultura, en el que se a\u00f1ade la palabra \u201csphyrnidae\u201d (nombre cient\u00edfico del tibur\u00f3n martillo)\u00a0para garantizar su protecci\u00f3n en aguas costarricenses.<\/p>\n<p>La procuradur\u00eda resalt\u00f3 que en la exposici\u00f3n de motivos el texto de Ley se evidencia la importancia de esta especie dentro del ecosistema y la necesidad de adoptar medidas para contrarrestar su alta vulnerabilidad,\u00a0as\u00ed como la obligaci\u00f3n del Estado por proteger el ecosistema mar\u00edtimo y el uso sostenible de los recursos marinos vivos.<\/p>\n<p>Dentro de esto,\u00a0la PGR se\u00f1al\u00f3 que se debe entender el principio de pesca responsable,\u00a0en especial en asuntos relacionados con la caza y pesca de especies en peligro de extinci\u00f3n,\u00a0que obliga a los Estados a ajustar su legislaci\u00f3n y pol\u00edticas p\u00fablicas a esa protecci\u00f3n.<\/p>\n<p>Adem\u00e1s, el abogado del Estado record\u00f3 que la\u00a0<a href=\"https:\/\/delfino.cr\/2023\/06\/sala-primera-declara-a-tres-especies-de-tiburon-martillo-como-vida-silvestre-en-peligro-de-extincion\">Sala Primera declar\u00f3 a las tres especies<\/a>\u00a0de tibur\u00f3n martillo presentes en el pa\u00eds\u00a0(<em>Lewini<\/em>,\u00a0<em>Mokarran<\/em>\u00a0y\u00a0<em>Zygaena<\/em>)\u00a0como vida silvestre en peligro de extinci\u00f3n y anul\u00f3 un acuerdo de la Junta Directiva del Instituto Costarricense de Pesca y Acuicultura (Incopesca) que los enlistaba\u00a0como especies comerciales en Costa Rica.<\/p>\n<p>En ese fallo se orden\u00f3 al Sistema de \u00c1reas de Conservaci\u00f3n (Sinac), al Incopesca y al Estado realizar las acciones necesarias para erradicar de manera total la extracci\u00f3n del tibur\u00f3n martillo de las aguas nacionales,\u00a0prohibi\u00e9ndose su captura incluso de modo incidental.<\/p>\n<p>Fuente: delfino.cr<\/p>\n","protected":false},"excerpt":{"rendered":"<p>El procurador general de la Rep\u00fablica,\u00a0Mauricio Castro Lizano,\u00a0emiti\u00f3 un criterio no vinculante a la Comisi\u00f3n de Ambiente de la Asamblea al respecto del\u00a0proyecto de Ley 23.666, que busca la prohibir la caza del tibur\u00f3n martillo en el pa\u00eds. La iniciativa, presentada por el diputado del Partido Unidad Social Cristiana (PUSC),\u00a0Leslye Bojorges Le\u00f3n,\u00a0busca reformar el art\u00edculo [&hellip;]<\/p>\n","protected":false},"author":2,"featured_media":27915,"comment_status":"open","ping_status":"open","sticky":false,"template":"","format":"standard","meta":{"footnotes":""},"categories":[63],"tags":[],"class_list":["post-27914","post","type-post","status-publish","format-standard","has-post-thumbnail","hentry","category-noticias"],"_links":{"self":[{"href":"http:\/\/www.perupesquero.org\/web\/wp-json\/wp\/v2\/posts\/27914","targetHints":{"allow":["GET"]}}],"collection":[{"href":"http:\/\/www.perupesquero.org\/web\/wp-json\/wp\/v2\/posts"}],"about":[{"href":"http:\/\/www.perupesquero.org\/web\/wp-json\/wp\/v2\/types\/post"}],"author":[{"embeddable":true,"href":"http:\/\/www.perupesquero.org\/web\/wp-json\/wp\/v2\/users\/2"}],"replies":[{"embeddable":true,"href":"http:\/\/www.perupesquero.org\/web\/wp-json\/wp\/v2\/comments?post=27914"}],"version-history":[{"count":1,"href":"http:\/\/www.perupesquero.org\/web\/wp-json\/wp\/v2\/posts\/27914\/revisions"}],"predecessor-version":[{"id":27916,"href":"http:\/\/www.perupesquero.org\/web\/wp-json\/wp\/v2\/posts\/27914\/revisions\/27916"}],"wp:featuredmedia":[{"embeddable":true,"href":"http:\/\/www.perupesquero.org\/web\/wp-json\/wp\/v2\/media\/27915"}],"wp:attachment":[{"href":"http:\/\/www.perupesquero.org\/web\/wp-json\/wp\/v2\/media?parent=27914"}],"wp:term":[{"taxonomy":"category","embeddable":true,"href":"http:\/\/www.perupesquero.org\/web\/wp-json\/wp\/v2\/categories?post=27914"},{"taxonomy":"post_tag","embeddable":true,"href":"http:\/\/www.perupesquero.org\/web\/wp-json\/wp\/v2\/tags?post=27914"}],"curies":[{"name":"wp","href":"https:\/\/api.w.org\/{rel}","templated":true}]}}