{"id":27895,"date":"2023-09-28T17:24:34","date_gmt":"2023-09-28T22:24:34","guid":{"rendered":"http:\/\/www.perupesquero.org\/web\/?p=27895"},"modified":"2023-09-28T17:25:26","modified_gmt":"2023-09-28T22:25:26","slug":"vigilancia-maritima-sima-peru-construira-dos-patrulleras-para-armada-peruana","status":"publish","type":"post","link":"http:\/\/www.perupesquero.org\/web\/vigilancia-maritima-sima-peru-construira-dos-patrulleras-para-armada-peruana\/","title":{"rendered":"Vigilancia mar\u00edtima: SIMA PER\u00da construir\u00e1 dos patrulleras para Armada peruana"},"content":{"rendered":"<p>Para ma\u00f1ana 29 de setiembre, se tiene planeado la colocaci\u00f3n de quilla de dos nuevas patrulleras mar\u00edtimas que ser\u00e1n construidas por la empresa nacional SIMA PER\u00da en sus astilleros de Chimbote.<\/p>\n<p>Transcendi\u00f3 que el evento se realizar\u00e1 en horas de la ma\u00f1ana y contar\u00e1 con la presencia de autoridades del poder ejecutivo, adem\u00e1s de los Altos Mandos de la Marina de Guerra del Per\u00fa.<\/p>\n<p>Asimismo, se conoci\u00f3 que las nuevas embarcaciones reforzar\u00e1n las capacidades de la Armada del Per\u00fa y cumplir\u00e1n misiones de vigilancia mar\u00edtima, protecci\u00f3n del medio ambiente, b\u00fasqueda y rescate de personas, control de tr\u00e1fico mar\u00edtimo, interdicci\u00f3n de actividades il\u00edcitas, apoyo en desastres y evacuaci\u00f3n de personas, entre otras.<\/p>\n","protected":false},"excerpt":{"rendered":"<p>Para ma\u00f1ana 29 de setiembre, se tiene planeado la colocaci\u00f3n de quilla de dos nuevas patrulleras mar\u00edtimas que ser\u00e1n construidas por la empresa nacional SIMA PER\u00da en sus astilleros de Chimbote. Transcendi\u00f3 que el evento se realizar\u00e1 en horas de la ma\u00f1ana y contar\u00e1 con la presencia de autoridades del poder ejecutivo, adem\u00e1s de los [&hellip;]<\/p>\n","protected":false},"author":2,"featured_media":27896,"comment_status":"open","ping_status":"open","sticky":false,"template":"","format":"standard","meta":{"footnotes":""},"categories":[63],"tags":[],"class_list":["post-27895","post","type-post","status-publish","format-standard","has-post-thumbnail","hentry","category-noticias"],"_links":{"self":[{"href":"http:\/\/www.perupesquero.org\/web\/wp-json\/wp\/v2\/posts\/27895","targetHints":{"allow":["GET"]}}],"collection":[{"href":"http:\/\/www.perupesquero.org\/web\/wp-json\/wp\/v2\/posts"}],"about":[{"href":"http:\/\/www.perupesquero.org\/web\/wp-json\/wp\/v2\/types\/post"}],"author":[{"embeddable":true,"href":"http:\/\/www.perupesquero.org\/web\/wp-json\/wp\/v2\/users\/2"}],"replies":[{"embeddable":true,"href":"http:\/\/www.perupesquero.org\/web\/wp-json\/wp\/v2\/comments?post=27895"}],"version-history":[{"count":2,"href":"http:\/\/www.perupesquero.org\/web\/wp-json\/wp\/v2\/posts\/27895\/revisions"}],"predecessor-version":[{"id":27898,"href":"http:\/\/www.perupesquero.org\/web\/wp-json\/wp\/v2\/posts\/27895\/revisions\/27898"}],"wp:featuredmedia":[{"embeddable":true,"href":"http:\/\/www.perupesquero.org\/web\/wp-json\/wp\/v2\/media\/27896"}],"wp:attachment":[{"href":"http:\/\/www.perupesquero.org\/web\/wp-json\/wp\/v2\/media?parent=27895"}],"wp:term":[{"taxonomy":"category","embeddable":true,"href":"http:\/\/www.perupesquero.org\/web\/wp-json\/wp\/v2\/categories?post=27895"},{"taxonomy":"post_tag","embeddable":true,"href":"http:\/\/www.perupesquero.org\/web\/wp-json\/wp\/v2\/tags?post=27895"}],"curies":[{"name":"wp","href":"https:\/\/api.w.org\/{rel}","templated":true}]}}