{"id":27883,"date":"2023-09-26T08:49:23","date_gmt":"2023-09-26T13:49:23","guid":{"rendered":"http:\/\/www.perupesquero.org\/web\/?p=27883"},"modified":"2023-09-26T08:49:23","modified_gmt":"2023-09-26T13:49:23","slug":"en-panel-de-expertos-internacionales-se-abordo-disminucion-de-68-93-de-la-pesca-de-consumo-indirecto","status":"publish","type":"post","link":"http:\/\/www.perupesquero.org\/web\/en-panel-de-expertos-internacionales-se-abordo-disminucion-de-68-93-de-la-pesca-de-consumo-indirecto\/","title":{"rendered":"En panel de expertos internacionales se abord\u00f3 disminuci\u00f3n de 68.93 % de la pesca de consumo indirecto"},"content":{"rendered":"<p>Alrededor de 90 destacados expertos en pesca sostenible de 10 pa\u00edses de\u00a0<a href=\"https:\/\/blogs.usil.edu.pe\/novedades\/peru-service-summit-2023-impulso-la-exportacion-de-servicios-en-latinoamerica\">Latinoam\u00e9rica<\/a>\u00a0y el Caribe se congregaron en San Jos\u00e9, Costa Rica, en el marco del &#8220;Taller de la Comunidad de Pr\u00e1ctica Proyectos de Mejora Pesquera (FIP por sus siglas en ingl\u00e9s) de\u00a0<a href=\"https:\/\/blogs.usil.edu.pe\/facultad-ciencias-empresariales\/ciencias-empresariales\/el-futuro-de-las-inversiones-asg-en-america-latina\">Am\u00e9rica Latina<\/a>\u00a0y el Caribe&#8221;.<\/p>\n<p>La inauguraci\u00f3n del evento que se realiz\u00f3 el 20 de setiembre del presente a\u00f1o, estuvo a cargo del ministro de Pesca y Acuicultura de Costa Rica, Heiner M\u00e9ndez, quien subray\u00f3 la importancia de esta reuni\u00f3n de expertos y sus valiosos aportes para asegurar la sostenibilidad de la actividad pesquera en la regi\u00f3n.<\/p>\n<p>Una de las destacadas participantes fue la Mg. Carmen Guerrero Aza\u00f1edo, docente de la carrera de Administraci\u00f3n y Gesti\u00f3n Ambiental de la\u00a0<a href=\"https:\/\/usil.edu.pe\/\">Universidad San Ignacio de Loyola<\/a>, quien integr\u00f3 diferentes mesas de trabajo.<\/p>\n<p>Durante las sesiones de trabajo, se exploraron temas relacionados con los mercados y las iniciativas que pueden ser \u00fatiles para comprender hacia d\u00f3nde se dirige la demanda de los productos sostenibles.<\/p>\n<p>Asimismo, se discutieron las buenas pr\u00e1cticas destinadas a crear conciencia sobre los compradores y potenciales mercados que se encuentren sumergidos en el enfoque ecosist\u00e9mico.<\/p>\n<p>Tras el debate, los expertos coincidieron en la importancia de implementar programas de monitoreo a bordo con observadores humanos o electr\u00f3nicos, fortalecer los estudios sobre el estado de las poblaciones objetivo, establecer reglas de control robustas y medir el real impacto en los ecosistemas marinos, en especial las especies vulnerables.<\/p>\n<p>Tambi\u00e9n se inform\u00f3 que en actualmente se est\u00e1n trabajando m\u00e1s de 160 proyectos en todo el mundo para mejorar la sostenibilidad ambiental y la responsabilidad social de m\u00e1s del 7 % de los productos del mar.<\/p>\n<p>Por ello, los expertos se\u00f1alaron la necesidad de que los mercados y los consumidores reconozcan las mejores pr\u00e1cticas para reducir la captura incidental, y que el \u00e9xito colectivo de los Proyectos de Mejora influir\u00e1 en la salud pesquera y la seguridad de los trabajadores del sector pesquero en todo el mundo.<\/p>\n<p>El evento tambi\u00e9n proporcion\u00f3 una plataforma para compartir experiencias y conocimientos valiosos de organizaciones reconocidas en la conservaci\u00f3n y sostenibilidad marina, como Pronatura M\u00e9xico, The Nature Conservancy, World Wildlife Fund, Environmental Defense Fund, Conservaci\u00f3n Internacional, Ecopac\u00edfico, Centro Desarrollo y Pesca Sustentable (CeDePesca), entre otras.<\/p>\n<p>Pesca en el Per\u00fa<\/p>\n<p>Seg\u00fan el informe de agosto del Instituto Nacional de Estad\u00edstica e Inform\u00e1tica (INEI), el \u00cdndice de la Producci\u00f3n Pesquera en junio 2023 registr\u00f3 una disminuci\u00f3n de 68.93 % respecto a junio 2022, debido a la menor extracci\u00f3n de especies de origen mar\u00edtimo para consumo humano indirecto y directo.<\/p>\n<p>La pesca mar\u00edtima para consumo humano indirecto disminuy\u00f3 95.52 %, por menor tonelaje capturado de anchoveta, que pas\u00f3 de 927,638 toneladas en junio 2022 a 41,535 toneladas en junio 2023.<\/p>\n<p>La pesca mar\u00edtima para consumo humano directo se contrajo en 17.55 % por menor extracci\u00f3n de especies para congelado en -20.47 %, en estado fresco en -11.37 %, para curado en -66.07 % y para enlatado en -0.78 %.<\/p>\n<p>El organismo estad\u00edstico se\u00f1ala que la afectaci\u00f3n que han sufrido las actividades productivas del pa\u00eds se debe a las condiciones de El Ni\u00f1o costero y El Ni\u00f1o Global.<\/p>\n<p>Fuente: USIL<\/p>\n","protected":false},"excerpt":{"rendered":"<p>Alrededor de 90 destacados expertos en pesca sostenible de 10 pa\u00edses de\u00a0Latinoam\u00e9rica\u00a0y el Caribe se congregaron en San Jos\u00e9, Costa Rica, en el marco del &#8220;Taller de la Comunidad de Pr\u00e1ctica Proyectos de Mejora Pesquera (FIP por sus siglas en ingl\u00e9s) de\u00a0Am\u00e9rica Latina\u00a0y el Caribe&#8221;. La inauguraci\u00f3n del evento que se realiz\u00f3 el 20 de [&hellip;]<\/p>\n","protected":false},"author":2,"featured_media":27884,"comment_status":"open","ping_status":"open","sticky":false,"template":"","format":"standard","meta":{"footnotes":""},"categories":[63],"tags":[],"class_list":["post-27883","post","type-post","status-publish","format-standard","has-post-thumbnail","hentry","category-noticias"],"_links":{"self":[{"href":"http:\/\/www.perupesquero.org\/web\/wp-json\/wp\/v2\/posts\/27883","targetHints":{"allow":["GET"]}}],"collection":[{"href":"http:\/\/www.perupesquero.org\/web\/wp-json\/wp\/v2\/posts"}],"about":[{"href":"http:\/\/www.perupesquero.org\/web\/wp-json\/wp\/v2\/types\/post"}],"author":[{"embeddable":true,"href":"http:\/\/www.perupesquero.org\/web\/wp-json\/wp\/v2\/users\/2"}],"replies":[{"embeddable":true,"href":"http:\/\/www.perupesquero.org\/web\/wp-json\/wp\/v2\/comments?post=27883"}],"version-history":[{"count":1,"href":"http:\/\/www.perupesquero.org\/web\/wp-json\/wp\/v2\/posts\/27883\/revisions"}],"predecessor-version":[{"id":27885,"href":"http:\/\/www.perupesquero.org\/web\/wp-json\/wp\/v2\/posts\/27883\/revisions\/27885"}],"wp:featuredmedia":[{"embeddable":true,"href":"http:\/\/www.perupesquero.org\/web\/wp-json\/wp\/v2\/media\/27884"}],"wp:attachment":[{"href":"http:\/\/www.perupesquero.org\/web\/wp-json\/wp\/v2\/media?parent=27883"}],"wp:term":[{"taxonomy":"category","embeddable":true,"href":"http:\/\/www.perupesquero.org\/web\/wp-json\/wp\/v2\/categories?post=27883"},{"taxonomy":"post_tag","embeddable":true,"href":"http:\/\/www.perupesquero.org\/web\/wp-json\/wp\/v2\/tags?post=27883"}],"curies":[{"name":"wp","href":"https:\/\/api.w.org\/{rel}","templated":true}]}}