{"id":27875,"date":"2023-09-23T07:03:13","date_gmt":"2023-09-23T12:03:13","guid":{"rendered":"http:\/\/www.perupesquero.org\/web\/?p=27875"},"modified":"2023-09-23T07:04:30","modified_gmt":"2023-09-23T12:04:30","slug":"se-enfria-el-nino-anchoveta-adulta-retornaria-a-sus-areas-habituales-de-distribucion","status":"publish","type":"post","link":"http:\/\/www.perupesquero.org\/web\/se-enfria-el-nino-anchoveta-adulta-retornaria-a-sus-areas-habituales-de-distribucion\/","title":{"rendered":"\u00bfSe enfria \u201cEl Ni\u00f1o\u201d? Anchoveta adulta retornar\u00eda a sus \u00e1reas habituales de distribuci\u00f3n"},"content":{"rendered":"<p>El inesperado enfriamiento que se viene experimentando de sur a norte, y de la costa hacia el oeste, ha puesto en un dilema a los cient\u00edficos peruanos, porque el calentamiento anormal, pronosticado para la primavera 2023 y el verano 2024, podr\u00eda ser m\u00e1s debil de lo proyectado por los m\u00e1s de 18 modelos internacionales. Influyendo que la anchoveta adulta, que se hab\u00eda profundizado y migrado, retorne a sus \u00e1reas habituales de captura.<\/p>\n<p>Esto sucede, luego que se produjeran cambios en la Temperatura Superficial de Mar (TSM) y que dejar\u00edn sin piso, el pron\u00f3stico que el impacto de El Ni\u00f1o Global sea similar al registrado en 1997. \u201cFen\u00f3meno\u201d que fue el m\u00e1s fuerte de los \u00faltimos 80 a\u00f1os, debido que la TSM y las anomal\u00edas del \u00e1rea Ni\u00f1o 1+2 (frente a Per\u00fa norte) y \u00e1rea Ni\u00f1o 3,4 est\u00e1n descendiendo en el mes de setiembre, anticipando que las condiciones se normalicen en la costa peruana.<\/p>\n<p>Ahora, no es un secreto, que durante la pesca exploratoria en la zona centro norte 2023, la anchoveta \u00a0capturada y desembarcada presentaba tallas y tama\u00f1os que se mantuvieron entre los 9, 10 y 11 cent\u00edmetros. Ello, sin conocerse la edad de estas especies, aunque existe la posibilidad que no hayan crecido por la falta de alimento o por los efectos del brusco calentamiento en el mar en los meses de abril, mayo y junio, originando que las anchovetas grandes se profundicen a m\u00e1s de 100 metros.<\/p>\n<p>Es importante, que a partir del mes de octubre se monitore los niveles de los vientos Alisios al otro lado del Oc\u00e9ano Pac\u00edfico (cerca de Australia) y es que, de continuar soplando fuerte hacia el oeste e intensific\u00e1ndose en el Pac\u00edfico central, al igual que el Anticicl\u00f3n del Pac\u00edfico Sur, seguir\u00e1 avanzando hacia la costa sudamericana, fortaleciendo los vientos del sureste.<\/p>\n<p>En resumen, a pesar que existan los pron\u00f3sticos que El Ni\u00f1o persistir\u00e1 hasta marzo 2024, no necesariamente equivale a impactos trascendentales localmente, con las probabilidades que las condiciones oc\u00e9ano atmosf\u00e9ricas, debiliten las anomal\u00edas clim\u00e1ticas (calentamiento) frente al mar peruano, muy pegado a la costa.<\/p>\n<p>Fotograf\u00eda: Publicamos la comparaci\u00f3n entre temperaturas semanales (TSM) y anomal\u00edas durante El Ni\u00f1o 1997 y el 2023<\/p>\n<p>&nbsp;<\/p>\n<p>&nbsp;<\/p>\n<p>&nbsp;<\/p>\n","protected":false},"excerpt":{"rendered":"<p>El inesperado enfriamiento que se viene experimentando de sur a norte, y de la costa hacia el oeste, ha puesto en un dilema a los cient\u00edficos peruanos, porque el calentamiento anormal, pronosticado para la primavera 2023 y el verano 2024, podr\u00eda ser m\u00e1s debil de lo proyectado por los m\u00e1s de 18 modelos internacionales. Influyendo [&hellip;]<\/p>\n","protected":false},"author":2,"featured_media":27876,"comment_status":"open","ping_status":"open","sticky":false,"template":"","format":"standard","meta":{"footnotes":""},"categories":[63],"tags":[],"class_list":["post-27875","post","type-post","status-publish","format-standard","has-post-thumbnail","hentry","category-noticias"],"_links":{"self":[{"href":"http:\/\/www.perupesquero.org\/web\/wp-json\/wp\/v2\/posts\/27875","targetHints":{"allow":["GET"]}}],"collection":[{"href":"http:\/\/www.perupesquero.org\/web\/wp-json\/wp\/v2\/posts"}],"about":[{"href":"http:\/\/www.perupesquero.org\/web\/wp-json\/wp\/v2\/types\/post"}],"author":[{"embeddable":true,"href":"http:\/\/www.perupesquero.org\/web\/wp-json\/wp\/v2\/users\/2"}],"replies":[{"embeddable":true,"href":"http:\/\/www.perupesquero.org\/web\/wp-json\/wp\/v2\/comments?post=27875"}],"version-history":[{"count":1,"href":"http:\/\/www.perupesquero.org\/web\/wp-json\/wp\/v2\/posts\/27875\/revisions"}],"predecessor-version":[{"id":27877,"href":"http:\/\/www.perupesquero.org\/web\/wp-json\/wp\/v2\/posts\/27875\/revisions\/27877"}],"wp:featuredmedia":[{"embeddable":true,"href":"http:\/\/www.perupesquero.org\/web\/wp-json\/wp\/v2\/media\/27876"}],"wp:attachment":[{"href":"http:\/\/www.perupesquero.org\/web\/wp-json\/wp\/v2\/media?parent=27875"}],"wp:term":[{"taxonomy":"category","embeddable":true,"href":"http:\/\/www.perupesquero.org\/web\/wp-json\/wp\/v2\/categories?post=27875"},{"taxonomy":"post_tag","embeddable":true,"href":"http:\/\/www.perupesquero.org\/web\/wp-json\/wp\/v2\/tags?post=27875"}],"curies":[{"name":"wp","href":"https:\/\/api.w.org\/{rel}","templated":true}]}}