{"id":27856,"date":"2023-09-18T20:46:50","date_gmt":"2023-09-19T01:46:50","guid":{"rendered":"http:\/\/www.perupesquero.org\/web\/?p=27856"},"modified":"2023-09-18T20:46:50","modified_gmt":"2023-09-19T01:46:50","slug":"sostenibilidad-cual-es-el-avance-de-su-empresa-en-gestion-ambiental-y-cambio-climatico","status":"publish","type":"post","link":"http:\/\/www.perupesquero.org\/web\/sostenibilidad-cual-es-el-avance-de-su-empresa-en-gestion-ambiental-y-cambio-climatico\/","title":{"rendered":"Sostenibilidad: \u00bfcu\u00e1l es el avance de su empresa en gesti\u00f3n ambiental y cambio clim\u00e1tico?"},"content":{"rendered":"<p><strong><em>Javier Perla, gerente de <\/em><\/strong><strong><em><a href=\"https:\/\/www.sgs.pe\/es-es\/campaigns\/sustainability-solutions?utm_source=medio_peru&amp;utm_medium=text_link&amp;utm_campaign=pr_setiembre\">Servicios de Sostenibilidad<\/a><\/em><\/strong><strong><em> de SGS Per\u00fa, propone un test a partir del cual, cualquier empresa podr\u00e1 realizar un autodiagn\u00f3stico preliminar. <\/em><\/strong><\/p>\n<p>Existe consenso en que la sostenibilidad es un factor ineludible de la gesti\u00f3n de cualquier compa\u00f1\u00eda, siendo en ella relevante, adem\u00e1s de los resultados econ\u00f3micos, los vinculados a asuntos sociales y ambientales.<\/p>\n<p><em>\u201cEn lo referente a la gesti\u00f3n ambiental, si bien ha habido avances importantes, es fundamental que m\u00e1s empresas se sumen a este compromiso y busquen orientar sus operaciones hacia una gesti\u00f3n que genere menos emisiones de <\/em><a href=\"https:\/\/www.sgs.com\/es-pe\/services\/iso-14064-verificacion-y-contabilizacion-de-gases-de-efecto-invernadero?utm_source=medio_peru&amp;utm_medium=text_link&amp;utm_campaign=pr_setiembre\"><em>gases efecto invernadero<\/em><\/a><em>\u201d,<\/em> comenta Javier Perla, gerente de Servicios de Sostenibilidad de SGS Per\u00fa.<\/p>\n<p>El experto se\u00f1ala que el punto de partida es realizar un diagn\u00f3stico. En ese sentido, ha elaborado un test con preguntas relacionadas a cinco aspectos claves para la gesti\u00f3n ambiental: medici\u00f3n de <a href=\"https:\/\/www.sgs.com\/es-pe\/services\/huella-de-carbono?utm_source=medio_peru&amp;utm_medium=text_link&amp;utm_campaign=pr_setiembre\">huella de carbono<\/a>, equipo humano, gesti\u00f3n de riesgos ambientales, promoci\u00f3n de la gesti\u00f3n ambiental y toma de decisiones.<\/p>\n<p><em>\u201cSi bien es cierto que la gesti\u00f3n del cambio clim\u00e1tico es un tema complejo, creemos que este test brinda una mirada preliminar, pero sobre todo puede ser una invitaci\u00f3n a tomar conciencia de la situaci\u00f3n y a establecer acciones concretas\u201d. <\/em><\/p>\n<p>\u00a1Bienvenidos al test!<\/p>\n<p>Cada uno de los cinco aspectos planteados tiene una pregunta con cuatro alternativas de respuesta y su respectiva puntuaci\u00f3n. Se debe escoger la que m\u00e1s corresponda a la situaci\u00f3n de la empresa. El puntaje se suma y al final aparecen los resultados y las recomendaciones.<\/p>\n<p><strong>\u00a0\u00bfSabe d\u00f3nde est\u00e1 su empresa en t\u00e9rminos de emisiones de gases efecto invernadero (GEI) o huella de carbono?<\/strong><\/p>\n<p>No hemos medido a\u00fan nuestra huella de carbono (1 punto).<\/p>\n<p>Hemos planificado medirla y est\u00e1 en nuestro presupuesto (2 puntos).<\/p>\n<p>La hemos medido algunas veces, pero la verdad no nos sirve para hacer gesti\u00f3n (3 puntos).<\/p>\n<p>La medimos recurrentemente y la usamos como un indicador de desempe\u00f1o (4 puntos).<\/p>\n<p><strong>\u00bfLas personas que trabajan en su empresa est\u00e1n capacitadas para implementar una mejora en la gesti\u00f3n ambiental y clim\u00e1tica?<\/strong><\/p>\n<p>No hay esas capacidades instaladas en la organizaci\u00f3n ni se han priorizado (1 punto).<\/p>\n<p>Sabemos que es importante, pero a\u00fan no lo integramos. No hemos recibido capacitaciones o han sido insuficientes (2 puntos).<\/p>\n<p>Hemos realizado algunas capacitaciones que nos permiten tomar conciencia de la relevancia de los criterios ambientales en las operaciones y estamos fortaleciendo nuestras capacidades (3 puntos).<\/p>\n<p>Tenemos personal capacitado que conoce la importancia de la gesti\u00f3n ambiental y clim\u00e1tica en el sector (4 puntos).<\/p>\n<p><strong>\u00bfSabes c\u00f3mo pueden afectar los riesgos clim\u00e1ticos a la empresa?<\/strong><\/p>\n<p>No hemos considerado a\u00fan los riesgos clim\u00e1ticos en nuestra evaluaci\u00f3n de riesgos (1 punto).<\/p>\n<p>Sabemos que hay riesgos potenciales, pero no los hemos evaluado con profundidad (2 puntos).<\/p>\n<p>Hemos identificado algunos riesgos (transicionales, f\u00edsicos, etc) pero estamos a\u00fan trabajando en eso (3 puntos).<\/p>\n<p>Actualmente, gestionamos los riesgos clim\u00e1ticos en base a est\u00e1ndares internacionales y es parte de la gesti\u00f3n integrada del riesgo (4 puntos).<\/p>\n<p><strong>\u00bfLa empresa es l\u00edder y promueve la gesti\u00f3n ambiental y clim\u00e1tica?<\/strong><\/p>\n<p>No hablamos mucho a nivel corporativo sobre lo ambiental y el cambio clim\u00e1tico (1 punto).<\/p>\n<p>Mencionamos eventualmente lo ambiental y el cambio clim\u00e1tico, pero no con profundidad (2 puntos).<\/p>\n<p>Difundimos informaci\u00f3n de algunos proyectos que contribuyen a la lucha contra el cambio clim\u00e1tico, pero no de forma tan estructurada (3 puntos).<\/p>\n<p>Desarrollamos proyectos de cambio clim\u00e1tico con indicadores que se miden recurrentemente para evaluar el desempe\u00f1o y se difunde esa informaci\u00f3n con los actores de inter\u00e9s (4 puntos).<\/p>\n<p><strong>\u00a0\u00bfLa empresa prioriza los temas ambientales y clim\u00e1ticos en las decisiones financieras?<\/strong><\/p>\n<p>No es una prioridad para la alta gerencia (1 punto).<\/p>\n<p>La alta gerencia cree que es importante, pero no necesariamente eso se manifiesta en la toma de decisiones (2 puntos).<\/p>\n<p>Son importantes estos factores e influyen en la toma de decisiones y en los presupuestos (3 puntos).<\/p>\n<p>Criterios ambientales y de cambio clim\u00e1tico son trascendentes y gu\u00edan la toma de decisiones (4 puntos).<\/p>\n<p><strong>Resultados y recomendaciones <\/strong><\/p>\n<p><strong>De 5 a 8 puntos.<\/strong> Lo siento, su empresa est\u00e1 muy rezagada. Debe tomar acci\u00f3n con agilidad para empezar a incluir el cambio clim\u00e1tico y los temas ambientales seriamente en su gesti\u00f3n. Otro camino no ser\u00e1 ni sostenible ni rentable.<\/p>\n<p><strong>De 9 a 12 puntos.<\/strong> Su empresa tiene algunos avances, pero a\u00fan queda mucho camino por recorrer. Es importante que revise los aspectos donde tenga bajo puntaje para desarrollar estrategias y mejorar su gesti\u00f3n.<\/p>\n<p><strong>De 13 a 17 puntos<\/strong>. Bien, su empresa est\u00e1 sobre el promedio. Ha tomado en serio la gesti\u00f3n clim\u00e1tica. Ahora, tanto el sentido de urgencia como las nuevas soluciones avanzan muy r\u00e1pido, Es recomendable conocer las mejores pr\u00e1cticas de otras empresas con el fin de que puedan ser replicadas en la suya.<\/p>\n<p><strong>De 18 a 20 puntos.<\/strong> \u00a1Felicitaciones! Su empresa lidera la transformaci\u00f3n. A la vez, el reto del innovador implica no conformarse. Se necesita que m\u00e1s empresas como la suya evidencien que sostenible y rentable es un binomio de \u00e9xito.<\/p>\n<p>Nota de prensa SGS<\/p>\n<p>&nbsp;<\/p>\n","protected":false},"excerpt":{"rendered":"<p>Javier Perla, gerente de Servicios de Sostenibilidad de SGS Per\u00fa, propone un test a partir del cual, cualquier empresa podr\u00e1 realizar un autodiagn\u00f3stico preliminar. Existe consenso en que la sostenibilidad es un factor ineludible de la gesti\u00f3n de cualquier compa\u00f1\u00eda, siendo en ella relevante, adem\u00e1s de los resultados econ\u00f3micos, los vinculados a asuntos sociales y [&hellip;]<\/p>\n","protected":false},"author":2,"featured_media":27857,"comment_status":"open","ping_status":"open","sticky":false,"template":"","format":"standard","meta":{"footnotes":""},"categories":[63],"tags":[],"class_list":["post-27856","post","type-post","status-publish","format-standard","has-post-thumbnail","hentry","category-noticias"],"_links":{"self":[{"href":"http:\/\/www.perupesquero.org\/web\/wp-json\/wp\/v2\/posts\/27856","targetHints":{"allow":["GET"]}}],"collection":[{"href":"http:\/\/www.perupesquero.org\/web\/wp-json\/wp\/v2\/posts"}],"about":[{"href":"http:\/\/www.perupesquero.org\/web\/wp-json\/wp\/v2\/types\/post"}],"author":[{"embeddable":true,"href":"http:\/\/www.perupesquero.org\/web\/wp-json\/wp\/v2\/users\/2"}],"replies":[{"embeddable":true,"href":"http:\/\/www.perupesquero.org\/web\/wp-json\/wp\/v2\/comments?post=27856"}],"version-history":[{"count":1,"href":"http:\/\/www.perupesquero.org\/web\/wp-json\/wp\/v2\/posts\/27856\/revisions"}],"predecessor-version":[{"id":27858,"href":"http:\/\/www.perupesquero.org\/web\/wp-json\/wp\/v2\/posts\/27856\/revisions\/27858"}],"wp:featuredmedia":[{"embeddable":true,"href":"http:\/\/www.perupesquero.org\/web\/wp-json\/wp\/v2\/media\/27857"}],"wp:attachment":[{"href":"http:\/\/www.perupesquero.org\/web\/wp-json\/wp\/v2\/media?parent=27856"}],"wp:term":[{"taxonomy":"category","embeddable":true,"href":"http:\/\/www.perupesquero.org\/web\/wp-json\/wp\/v2\/categories?post=27856"},{"taxonomy":"post_tag","embeddable":true,"href":"http:\/\/www.perupesquero.org\/web\/wp-json\/wp\/v2\/tags?post=27856"}],"curies":[{"name":"wp","href":"https:\/\/api.w.org\/{rel}","templated":true}]}}