{"id":27848,"date":"2023-09-16T18:26:55","date_gmt":"2023-09-16T23:26:55","guid":{"rendered":"http:\/\/www.perupesquero.org\/web\/?p=27848"},"modified":"2023-09-16T18:26:55","modified_gmt":"2023-09-16T23:26:55","slug":"el-nino-perico-solo-habra-hasta-enero-del-2024-afectando-a-7-mil-pescadores-de-islay","status":"publish","type":"post","link":"http:\/\/www.perupesquero.org\/web\/el-nino-perico-solo-habra-hasta-enero-del-2024-afectando-a-7-mil-pescadores-de-islay\/","title":{"rendered":"El Ni\u00f1o: Perico solo habr\u00e1 hasta enero del 2024, afectando a 7 mil pescadores de Islay"},"content":{"rendered":"<p>Debido al fen\u00f3meno natural El Ni\u00f1o, m\u00e1s de 7 mil pescadores que laboran en Islay, Arequipa se ver\u00e1n afectados, sostuvo el alcalde del\u00a0<a href=\"https:\/\/www.gob.pe\/muniislay\">distrito de Islay<\/a>, Irwin Santoyo Chalco. La autoridad manifest\u00f3 que los efectos en este sector se experimentar\u00e1n desde diciembre, pues seg\u00fan se report\u00f3 que habr\u00e1 el incremento de productos como el perico solo hasta enero del 2024, tras ello la especie no estar\u00e1 muy disponible.<\/p>\n<p>Asimismo, sostiene que para febrero el escenario ya es incierto pues desconocen la cantidad de p\u00e9rdida econ\u00f3mica que esto puede significar porque las temperaturas del mar incrementar\u00e1n, lo que causar\u00e1 que varias especies no est\u00e9n en nuestro litoral.<\/p>\n<p>\u201cEl calentamiento de las aguas har\u00e1 que no haya tantas especies marinas, entonces es nuestro temor y por el cual mis compa\u00f1eros pescadores se est\u00e1n haciendo a la mar para buscar el recurso que les permitir\u00e1 sobrevivir, por ello en los \u00faltimos meses del a\u00f1o la extracci\u00f3n del recurso perico y otros permitir\u00e1 que sea el sustento de los primeros meses del pr\u00f3ximo a\u00f1o\u201d, dijo.<\/p>\n<p>La autoridad distrital manifest\u00f3 que tendr\u00e1n mesas de trabajo con los pescadores para hallar planes de contingencia y sopesar las p\u00e9rdidas, de igual forma se har\u00e1 con el gobierno regional y el Ministerio de la Producci\u00f3n. Santoyo resalt\u00f3 que el sector extractivo hidrobiol\u00f3gico se afecta, el movimiento econ\u00f3mico de su jurisdicci\u00f3n se estanca pues es la principal actividad. \u201cSe detienen los restaurantes y todas las dem\u00e1s actividades (\u2026) lo m\u00e1s probable es que el ministerio dote de ayuda a las zonas pesqueras si las afectaciones son muy graves\u201d, dijo.<\/p>\n<p>Datos extra\u00eddos del Diario EP<\/p>\n<p>&nbsp;<\/p>\n","protected":false},"excerpt":{"rendered":"<p>Debido al fen\u00f3meno natural El Ni\u00f1o, m\u00e1s de 7 mil pescadores que laboran en Islay, Arequipa se ver\u00e1n afectados, sostuvo el alcalde del\u00a0distrito de Islay, Irwin Santoyo Chalco. La autoridad manifest\u00f3 que los efectos en este sector se experimentar\u00e1n desde diciembre, pues seg\u00fan se report\u00f3 que habr\u00e1 el incremento de productos como el perico solo [&hellip;]<\/p>\n","protected":false},"author":2,"featured_media":27849,"comment_status":"open","ping_status":"open","sticky":false,"template":"","format":"standard","meta":{"footnotes":""},"categories":[63],"tags":[],"class_list":["post-27848","post","type-post","status-publish","format-standard","has-post-thumbnail","hentry","category-noticias"],"_links":{"self":[{"href":"http:\/\/www.perupesquero.org\/web\/wp-json\/wp\/v2\/posts\/27848","targetHints":{"allow":["GET"]}}],"collection":[{"href":"http:\/\/www.perupesquero.org\/web\/wp-json\/wp\/v2\/posts"}],"about":[{"href":"http:\/\/www.perupesquero.org\/web\/wp-json\/wp\/v2\/types\/post"}],"author":[{"embeddable":true,"href":"http:\/\/www.perupesquero.org\/web\/wp-json\/wp\/v2\/users\/2"}],"replies":[{"embeddable":true,"href":"http:\/\/www.perupesquero.org\/web\/wp-json\/wp\/v2\/comments?post=27848"}],"version-history":[{"count":1,"href":"http:\/\/www.perupesquero.org\/web\/wp-json\/wp\/v2\/posts\/27848\/revisions"}],"predecessor-version":[{"id":27850,"href":"http:\/\/www.perupesquero.org\/web\/wp-json\/wp\/v2\/posts\/27848\/revisions\/27850"}],"wp:featuredmedia":[{"embeddable":true,"href":"http:\/\/www.perupesquero.org\/web\/wp-json\/wp\/v2\/media\/27849"}],"wp:attachment":[{"href":"http:\/\/www.perupesquero.org\/web\/wp-json\/wp\/v2\/media?parent=27848"}],"wp:term":[{"taxonomy":"category","embeddable":true,"href":"http:\/\/www.perupesquero.org\/web\/wp-json\/wp\/v2\/categories?post=27848"},{"taxonomy":"post_tag","embeddable":true,"href":"http:\/\/www.perupesquero.org\/web\/wp-json\/wp\/v2\/tags?post=27848"}],"curies":[{"name":"wp","href":"https:\/\/api.w.org\/{rel}","templated":true}]}}