{"id":27823,"date":"2023-09-12T17:01:12","date_gmt":"2023-09-12T22:01:12","guid":{"rendered":"http:\/\/www.perupesquero.org\/web\/?p=27823"},"modified":"2023-09-12T17:01:12","modified_gmt":"2023-09-12T22:01:12","slug":"pescadoras-artesanales-de-chile-participaron-en-congreso-internacional-de-pesca-en-ecuador","status":"publish","type":"post","link":"http:\/\/www.perupesquero.org\/web\/pescadoras-artesanales-de-chile-participaron-en-congreso-internacional-de-pesca-en-ecuador\/","title":{"rendered":"Pescadoras artesanales de Chile participaron en Congreso Internacional de Pesca en Ecuador"},"content":{"rendered":"<p>En el marco del<strong>\u00a0Congreso Nacional e Internacional de Pesca y Acuicultura en Ecuador<\/strong>\u00a0\u201cPor un Desarrollo Sostenible\u201d, organizado por la\u00a0<strong>Federaci\u00f3n Nacional de Cooperativas Pesqueras del Ecuador (Fenacopec)<\/strong>, que se realiz\u00f3 entre el 25 y el 30 de \u00a0agosto, Zoila Bustamante, presidenta de la Uni\u00f3n Latinoamericana de la Pesca Artesanal (Ulapa) y de la\u00a0<strong>Confederaci\u00f3n Nacional de Pescadores Artesanales de Chile (Conapach)<\/strong>, asisti\u00f3 a la cita y al respecto habla sobre los temas de inter\u00e9s a nivel regional, as\u00ed como los problemas que est\u00e1n afectando transversalmente a los pescadores artesanales de Am\u00e9rica Latina.<\/p>\n<p>El encuentro estuvo dirigido por la presidenta de Fenacopec y directora de Ulapa, Gabriela Cruz. Tambi\u00e9n acudieron, el presidente de la Red Iberoamericana de la Pesca Artesanal a Peque\u00f1a Escala, RIPAPE, Nicol\u00e1s Fern\u00e1ndez, junto a otros miembros de la junta directiva provenientes de Brasil, Colombia, Per\u00fa, Portugal y Chile. Adem\u00e1s, de las delegaciones de pescadores artesanales de diferentes puntos de Ecuador, autoridades, acad\u00e9micos y otros participantes.<\/p>\n<p>Seg\u00fan declar\u00f3 Zoila Bustamante, entre los puntos de inter\u00e9s tratados en el Congreso hay varios que est\u00e1n perjudicando a todos los sectores de la pesca artesanal a nivel internacional. Uno de ellos es la implicaci\u00f3n que acarrear\u00e1 el fen\u00f3meno El Ni\u00f1o en Latinoam\u00e9rica y el m\u00e1s preocupante es la declaraci\u00f3n indiscriminada de parques marinos sin incluir a las comunidades de pescadores artesanales.<\/p>\n<p>\u201cEstuvimos en Gal\u00e1pagos, fuimos a ver la realidad de los compa\u00f1eros pescadores artesanales. Hoy se encuentran encerrados en un parque que no les permite pescar. Les entregan un carnet y sin ese carnet no pueden salir a trabajar. El escenario es complejo\u201d, resalt\u00f3 la dirigente.<\/p>\n<p>\u201cLo importante es que vimos que las organizaciones de la pesca artesanal est\u00e1n m\u00e1s unidas que nunca. Tenemos los mismos problemas en torno al lobo marino, por ejemplo, en una \u00e9poca de la exageraci\u00f3n de la conservaci\u00f3n marina, donde no se mira a un gran sector como es el pesquero artesanal. En momentos de crisis, pandemias, terremotos, tsunamis y todos los efectos que trae el cambio clim\u00e1tico, es la actividad que contin\u00faa alimentando al pueblo, y eso nadie lo ve\u201d, destac\u00f3 la presidente de la Conapach.<\/p>\n<p>Y agreg\u00f3 que \u201cpor todo lo anterior, decir que el encuentro estuvo muy interesante. Fueron 6 d\u00edas de arduo trabajo, donde tuvimos la posibilidad de conocer a compa\u00f1eros que en otras circunstancias hubiera sido imposible. En esta ocasi\u00f3n, fuimos a las comunidades de las Islas Gal\u00e1pagos y trabajamos juntos\u201d.<\/p>\n<p>\u201cEscucharlos fue doloroso en el sentido de que los vimos acorralados, en medio de una conservaci\u00f3n que los est\u00e1 matando. Eso no puede pasar. Si va a haber una conservaci\u00f3n, tiene que ser incluyendo a la actividad pesquera artesanal. No debe pasar a ser parte del parque, sino ser parte de todo. Tienen que tomar nuestra opini\u00f3n. No puede haber un consejo administrador del parque donde los pescadores no est\u00e9n\u201d, recalc\u00f3.<\/p>\n<p>Y finaliz\u00f3 expresando que \u201cen Chile tenemos que prepararnos tambi\u00e9n porque se est\u00e1n anunciando tres nuevos parques marinos. Tenemos que tener claridad si esa figura nos sirve o no para poder trabajar\u201d.<\/p>\n<p><strong><em>Fotograf\u00edas: Conapach\u00a0<\/em><\/strong><\/p>\n<p><strong><em>Fuente: Aqua.cl<\/em><\/strong><\/p>\n<p>&nbsp;<\/p>\n","protected":false},"excerpt":{"rendered":"<p>En el marco del\u00a0Congreso Nacional e Internacional de Pesca y Acuicultura en Ecuador\u00a0\u201cPor un Desarrollo Sostenible\u201d, organizado por la\u00a0Federaci\u00f3n Nacional de Cooperativas Pesqueras del Ecuador (Fenacopec), que se realiz\u00f3 entre el 25 y el 30 de \u00a0agosto, Zoila Bustamante, presidenta de la Uni\u00f3n Latinoamericana de la Pesca Artesanal (Ulapa) y de la\u00a0Confederaci\u00f3n Nacional de Pescadores [&hellip;]<\/p>\n","protected":false},"author":2,"featured_media":27824,"comment_status":"open","ping_status":"open","sticky":false,"template":"","format":"standard","meta":{"footnotes":""},"categories":[63],"tags":[],"class_list":["post-27823","post","type-post","status-publish","format-standard","has-post-thumbnail","hentry","category-noticias"],"_links":{"self":[{"href":"http:\/\/www.perupesquero.org\/web\/wp-json\/wp\/v2\/posts\/27823","targetHints":{"allow":["GET"]}}],"collection":[{"href":"http:\/\/www.perupesquero.org\/web\/wp-json\/wp\/v2\/posts"}],"about":[{"href":"http:\/\/www.perupesquero.org\/web\/wp-json\/wp\/v2\/types\/post"}],"author":[{"embeddable":true,"href":"http:\/\/www.perupesquero.org\/web\/wp-json\/wp\/v2\/users\/2"}],"replies":[{"embeddable":true,"href":"http:\/\/www.perupesquero.org\/web\/wp-json\/wp\/v2\/comments?post=27823"}],"version-history":[{"count":1,"href":"http:\/\/www.perupesquero.org\/web\/wp-json\/wp\/v2\/posts\/27823\/revisions"}],"predecessor-version":[{"id":27825,"href":"http:\/\/www.perupesquero.org\/web\/wp-json\/wp\/v2\/posts\/27823\/revisions\/27825"}],"wp:featuredmedia":[{"embeddable":true,"href":"http:\/\/www.perupesquero.org\/web\/wp-json\/wp\/v2\/media\/27824"}],"wp:attachment":[{"href":"http:\/\/www.perupesquero.org\/web\/wp-json\/wp\/v2\/media?parent=27823"}],"wp:term":[{"taxonomy":"category","embeddable":true,"href":"http:\/\/www.perupesquero.org\/web\/wp-json\/wp\/v2\/categories?post=27823"},{"taxonomy":"post_tag","embeddable":true,"href":"http:\/\/www.perupesquero.org\/web\/wp-json\/wp\/v2\/tags?post=27823"}],"curies":[{"name":"wp","href":"https:\/\/api.w.org\/{rel}","templated":true}]}}