{"id":27803,"date":"2023-09-11T17:34:39","date_gmt":"2023-09-11T22:34:39","guid":{"rendered":"http:\/\/www.perupesquero.org\/web\/?p=27803"},"modified":"2023-09-11T17:34:39","modified_gmt":"2023-09-11T22:34:39","slug":"moqueguanos-preocupados-por-falta-de-plan-de-contingencia-ante-el-fenomeno-de-el-nino","status":"publish","type":"post","link":"http:\/\/www.perupesquero.org\/web\/moqueguanos-preocupados-por-falta-de-plan-de-contingencia-ante-el-fenomeno-de-el-nino\/","title":{"rendered":"Moqueguanos preocupados por falta de plan de contingencia ante el fen\u00f3meno de El Ni\u00f1o"},"content":{"rendered":"<p>Hern\u00e1n Garc\u00eda Cornejo, consejero regional de Moquegua, ha expresado su preocupaci\u00f3n por la falta de un plan de contingencia por parte del gobierno regional para hacer frente al inminente fen\u00f3meno de El Ni\u00f1o, que se espera que tendr\u00e1 un impacto significativo en la regi\u00f3n y el sector pesquero, debido a la sequ\u00eda prevista.<\/p>\n<p>Garc\u00eda Cornejo ha hecho un llamado urgente al gerente de recursos naturales del gobierno regional de Moquegua para que coordine con las autoridades competentes y desarrolle un plan de contingencia que brinde apoyo a los sectores m\u00e1s afectados durante esta crisis.<\/p>\n<p>El consejero regional dijo que ha consultado a la regi\u00f3n de Moquegua, bajo la direcci\u00f3n de Gilia Guti\u00e9rrez Ayala, y a sus funcionarios sobre este tema, obteniendo que hasta el momento no se ha emitido ning\u00fan acuerdo y no se ha organizado reuni\u00f3n alguna para abordar esta problem\u00e1tica.<\/p>\n<p>Garc\u00eda Cornejo: \u201cEstoy solicitando al gobierno regional tome medidas y acciones al respecto y brinde ayuda al sector de la pesca artesanal. Se prev\u00e9 que no habr\u00e1 pesca durante este evento clim\u00e1tico y estas comunidades no tendr\u00e1n medios de subsistencia\u201d, manifest\u00f3.<\/p>\n<p>&nbsp;<\/p>\n","protected":false},"excerpt":{"rendered":"<p>Hern\u00e1n Garc\u00eda Cornejo, consejero regional de Moquegua, ha expresado su preocupaci\u00f3n por la falta de un plan de contingencia por parte del gobierno regional para hacer frente al inminente fen\u00f3meno de El Ni\u00f1o, que se espera que tendr\u00e1 un impacto significativo en la regi\u00f3n y el sector pesquero, debido a la sequ\u00eda prevista. Garc\u00eda Cornejo [&hellip;]<\/p>\n","protected":false},"author":2,"featured_media":27804,"comment_status":"open","ping_status":"open","sticky":false,"template":"","format":"standard","meta":{"footnotes":""},"categories":[63],"tags":[],"class_list":["post-27803","post","type-post","status-publish","format-standard","has-post-thumbnail","hentry","category-noticias"],"_links":{"self":[{"href":"http:\/\/www.perupesquero.org\/web\/wp-json\/wp\/v2\/posts\/27803","targetHints":{"allow":["GET"]}}],"collection":[{"href":"http:\/\/www.perupesquero.org\/web\/wp-json\/wp\/v2\/posts"}],"about":[{"href":"http:\/\/www.perupesquero.org\/web\/wp-json\/wp\/v2\/types\/post"}],"author":[{"embeddable":true,"href":"http:\/\/www.perupesquero.org\/web\/wp-json\/wp\/v2\/users\/2"}],"replies":[{"embeddable":true,"href":"http:\/\/www.perupesquero.org\/web\/wp-json\/wp\/v2\/comments?post=27803"}],"version-history":[{"count":1,"href":"http:\/\/www.perupesquero.org\/web\/wp-json\/wp\/v2\/posts\/27803\/revisions"}],"predecessor-version":[{"id":27805,"href":"http:\/\/www.perupesquero.org\/web\/wp-json\/wp\/v2\/posts\/27803\/revisions\/27805"}],"wp:featuredmedia":[{"embeddable":true,"href":"http:\/\/www.perupesquero.org\/web\/wp-json\/wp\/v2\/media\/27804"}],"wp:attachment":[{"href":"http:\/\/www.perupesquero.org\/web\/wp-json\/wp\/v2\/media?parent=27803"}],"wp:term":[{"taxonomy":"category","embeddable":true,"href":"http:\/\/www.perupesquero.org\/web\/wp-json\/wp\/v2\/categories?post=27803"},{"taxonomy":"post_tag","embeddable":true,"href":"http:\/\/www.perupesquero.org\/web\/wp-json\/wp\/v2\/tags?post=27803"}],"curies":[{"name":"wp","href":"https:\/\/api.w.org\/{rel}","templated":true}]}}