{"id":27778,"date":"2023-09-06T17:20:57","date_gmt":"2023-09-06T22:20:57","guid":{"rendered":"http:\/\/www.perupesquero.org\/web\/?p=27778"},"modified":"2023-09-06T17:21:16","modified_gmt":"2023-09-06T22:21:16","slug":"sin-pena-ni-gloria-se-fue-el-ministro-de-la-produccion-raul-perez-reyes","status":"publish","type":"post","link":"http:\/\/www.perupesquero.org\/web\/sin-pena-ni-gloria-se-fue-el-ministro-de-la-produccion-raul-perez-reyes\/","title":{"rendered":"\u201cSin pena ni gloria\u201d: Se fue el ministro de la Producci\u00f3n, Ra\u00fal P\u00e9rez Reyes"},"content":{"rendered":"<p>Ra\u00fal P\u00e9rez Reyes fue removido del cargo y en su lugar estar\u00e1 Ana Mar\u00eda Choquehuanca. El ex titular de Produce se va sin explicar, la irregular contrataci\u00f3n de Jocabed Canchari Soto, como Directora de Extracci\u00f3n para Consumo Humano Directo e Indirecto, tambi\u00e9n por qu\u00e9 la pasividad para determinar la caducidad de las cuotas de at\u00fan y por qu\u00e9 se mantiene el permiso de pesca de una embarcaci\u00f3n \u201cfantasma\u201d ALESHKA. Situaciones inconcebibles que merecen no solo una investigaci\u00f3n profunda sino tambi\u00e9n la sanci\u00f3n del caso.<\/p>\n<p>Como se sabe, Ra\u00fal P\u00e9rez Reyes y la Viceministra de Pesca, \u00darsula Desil\u00fa Le\u00f3n Chemp\u00e9n, este viernes 8 de setiembre, ten\u00edan que concurrir a la Comisi\u00f3n de Producci\u00f3n y PYME del Congreso del Per\u00fa, para explicar las irregularidades antes mencionadas; sin embargo, su salida con tufo a \u201csalva vidas\u201d, llega en el momento que la pesca nacional pide agritos la atenci\u00f3n del caso, mientras que los actores se preparan para <strong><em>arder la pradera<\/em><\/strong> con paros y marchas de protestas en el norte y centro, debido a la falta de capacidad del Produce para resolver su problem\u00e1tica.<\/p>\n<p>Extra\u00f1o destino de P\u00e9rez Reyes, este profesional que tuvo dos oportunidades para desarrollar la pesquer\u00eda peruana; empero, ha devenido en situaciones que opacan el gran esfuerzo que han realizado, no solo los actores, tambi\u00e9n el empresariado y los inversionistas, que tuvieron que adaptarse y aceptar normativas que no calzan en la realidad de las actividades pesqueras.<\/p>\n<p>Las actividades extractivas como: la anchoveta, la pota, el langostino y el at\u00fan, se asfixian en la espera de medidas urgentes que eviten su quiebra, adem\u00e1s, que se cumpla con la realizaci\u00f3n de las investigaciones cient\u00edficas, que ayuden a cuantificar la biomasa de la especie que mueve su actividad productiva, fuente generadora de alimento, empleo y divisas para el Estado peruano.<\/p>\n<p>P\u00e9rez Reyes, paso \u201csin pena ni gloria\u201d, fue un inquilino m\u00e1s del Ministerio de la Producci\u00f3n, que posaba solo para los flashes de las fotos o el TikTok, quiz\u00e1s para convencernos que hab\u00eda buenos resultados para la pesca; sin embargo, solo echemos una mirada a la formalizaci\u00f3n de la flota artesanal, que de seguro es una real radiograf\u00eda de como se encuentra la pesca peruana. \u00a0Am\u00e9n de las ilegales construcciones de lanchas.<\/p>\n<p>&nbsp;<\/p>\n","protected":false},"excerpt":{"rendered":"<p>Ra\u00fal P\u00e9rez Reyes fue removido del cargo y en su lugar estar\u00e1 Ana Mar\u00eda Choquehuanca. El ex titular de Produce se va sin explicar, la irregular contrataci\u00f3n de Jocabed Canchari Soto, como Directora de Extracci\u00f3n para Consumo Humano Directo e Indirecto, tambi\u00e9n por qu\u00e9 la pasividad para determinar la caducidad de las cuotas de at\u00fan [&hellip;]<\/p>\n","protected":false},"author":2,"featured_media":26806,"comment_status":"open","ping_status":"open","sticky":false,"template":"","format":"standard","meta":{"footnotes":""},"categories":[63],"tags":[],"class_list":["post-27778","post","type-post","status-publish","format-standard","has-post-thumbnail","hentry","category-noticias"],"_links":{"self":[{"href":"http:\/\/www.perupesquero.org\/web\/wp-json\/wp\/v2\/posts\/27778","targetHints":{"allow":["GET"]}}],"collection":[{"href":"http:\/\/www.perupesquero.org\/web\/wp-json\/wp\/v2\/posts"}],"about":[{"href":"http:\/\/www.perupesquero.org\/web\/wp-json\/wp\/v2\/types\/post"}],"author":[{"embeddable":true,"href":"http:\/\/www.perupesquero.org\/web\/wp-json\/wp\/v2\/users\/2"}],"replies":[{"embeddable":true,"href":"http:\/\/www.perupesquero.org\/web\/wp-json\/wp\/v2\/comments?post=27778"}],"version-history":[{"count":1,"href":"http:\/\/www.perupesquero.org\/web\/wp-json\/wp\/v2\/posts\/27778\/revisions"}],"predecessor-version":[{"id":27779,"href":"http:\/\/www.perupesquero.org\/web\/wp-json\/wp\/v2\/posts\/27778\/revisions\/27779"}],"wp:featuredmedia":[{"embeddable":true,"href":"http:\/\/www.perupesquero.org\/web\/wp-json\/wp\/v2\/media\/26806"}],"wp:attachment":[{"href":"http:\/\/www.perupesquero.org\/web\/wp-json\/wp\/v2\/media?parent=27778"}],"wp:term":[{"taxonomy":"category","embeddable":true,"href":"http:\/\/www.perupesquero.org\/web\/wp-json\/wp\/v2\/categories?post=27778"},{"taxonomy":"post_tag","embeddable":true,"href":"http:\/\/www.perupesquero.org\/web\/wp-json\/wp\/v2\/tags?post=27778"}],"curies":[{"name":"wp","href":"https:\/\/api.w.org\/{rel}","templated":true}]}}