{"id":27775,"date":"2023-09-06T15:43:42","date_gmt":"2023-09-06T20:43:42","guid":{"rendered":"http:\/\/www.perupesquero.org\/web\/?p=27775"},"modified":"2023-09-06T15:43:42","modified_gmt":"2023-09-06T20:43:42","slug":"imarpe-recomienda-levantar-veda-de-pulpo-en-piura-y-lambayeque","status":"publish","type":"post","link":"http:\/\/www.perupesquero.org\/web\/imarpe-recomienda-levantar-veda-de-pulpo-en-piura-y-lambayeque\/","title":{"rendered":"Imarpe recomienda levantar veda de pulpo en Piura y Lambayeque"},"content":{"rendered":"<p><em><strong>En su \u00faltimo informe de agosto de este a\u00f1o, Imarpe se\u00f1ala que la especie ya estar\u00eda recuperada y recomienda medidas de manejo que respondan a las caracter\u00edsticas biol\u00f3gicas del pulpo (Octopus mimus).\u00a0\u00a0<\/strong><\/em><\/p>\n<p><em><strong>\u00a0Organizaciones de buzos artesanales de Piura piden a Produce levantar la prohibici\u00f3n de capturar pulpo en Piura y Lambayeque que ya lleva 14 a\u00f1os.\u00a0\u00a0<\/strong><\/em><\/p>\n<p>El pulpo (O<em><span data-contrast=\"auto\">ctupus mimus<\/span><\/em><span data-contrast=\"auto\">) mantiene una veda vigente en Piura y Lambayeque desde el a\u00f1o 2009, cuando se public\u00f3 la\u00a0<\/span><a href=\"https:\/\/www.actualidadambiental.pe\/wp-content\/uploads\/2022\/09\/RM-483-2009-produce.pdf\"><span data-contrast=\"none\">Resoluci\u00f3n Ministerial 483-2009-PRODUCE.<\/span><\/a><span data-contrast=\"auto\">\u00a0El Instituto del Mar del Per\u00fa (Imarpe), entidad encargada estudiar el mar peruano y sus recursos, ha recomendado levantar dicha veda en su \u00faltimo informe publicado en agosto de este a\u00f1o, que reafirma los resultados de diferentes estudios poblacionales publicados en los a\u00f1os 2015 y 2020.\u00a0<\/span><span data-ccp-props=\"{&quot;201341983&quot;:0,&quot;335551550&quot;:6,&quot;335551620&quot;:6,&quot;335559739&quot;:0,&quot;335559740&quot;:240}\">\u00a0<\/span><\/p>\n<p><span data-contrast=\"auto\">Seg\u00fan\u00a0\u201cEstimaci\u00f3n del rendimiento de pulpo<em>\u00a0Octopus mimus\u00a0<\/em>en el litoral norte (Piura y Lambayeque) mediante un modelo de producci\u00f3n\u201d, informe publicado por Imarpe en agosto de este a\u00f1o, los\u00a0altos desembarques e \u00edndices de abundancia entre 1993 y 2022 estuvieron relacionados a periodos con anomal\u00edas de la temperatura superficial del mar. Es decir, los niveles de abundancia del pulpo dependen directamente de las condiciones ambientales.<\/span><\/p>\n<p><span data-contrast=\"auto\">Asimismo, la evaluaci\u00f3n mostr\u00f3 que la biomasa de esta especie en el litoral norte se encuentra por encima del rendimiento m\u00e1ximo sostenible, y la mortalidad por pesca actual se ubica por debajo de la estimada para obtener el rendimiento m\u00e1ximo sostenible, con lo que justifica el levantamiento de la veda.\u00a0<\/span><\/p>\n<p><span data-contrast=\"auto\">Fabio Castagnino, asesor pesquero de la Sociedad Peruana de Derecho Ambiental (SPDA), explica que el pulpo tiene un periodo de vida corto, no mayor a dos a\u00f1os, y que su reproducci\u00f3n y abundancia est\u00e1n estrechamente ligadas a las condiciones ambientales, caracter\u00edstica que comparte con otros cefal\u00f3podos. Por eso, lo m\u00e1s apropiado para la especie es implementar esquemas de manejo adaptativo y participativo.\u00a0<\/span><\/p>\n<p><span data-contrast=\"auto\">Los resultados del estudio de Imarpe estar\u00edan alineados al pedido de\u00a0<a href=\"https:\/\/www.actualidadambiental.pe\/piura-organizaciones-de-buzos-artesanales-piden-a-produce-levantar-la-veda-de-pulpo\/\">diez organizaciones de buzos artesanales de Piura que recientemente solicitaron al Produce levantar la veda\u00a0<\/a>\u00a0para evitar seguir perjudicando esta pesquer\u00eda artesanal que brinda trabajo a m\u00e1s de 300 familias del norte del pa\u00eds.\u00a0<\/span><\/p>\n<p><span data-contrast=\"auto\">Finalmente, en su informe, Imarpe recomienda establecer un L\u00edmite M\u00e1ximo de Captura Permisible de 262,9 toneladas, para el periodo agosto-diciembre del 2023 en Lambayeque y Piura. Adem\u00e1s, sugiere que, como medida precautoria, la captura y desembarque de este recurso debe estar compuesta por ejemplares con un peso m\u00ednimo de 1 kg.\u00a0<\/span><\/p>\n<p>Fuente: actualidadambiental.pe<\/p>\n<p><span data-ccp-props=\"{&quot;201341983&quot;:0,&quot;335551550&quot;:6,&quot;335551620&quot;:6,&quot;335559739&quot;:0,&quot;335559740&quot;:240}\">\u00a0<\/span><\/p>\n<p>&nbsp;<\/p>\n","protected":false},"excerpt":{"rendered":"<p>En su \u00faltimo informe de agosto de este a\u00f1o, Imarpe se\u00f1ala que la especie ya estar\u00eda recuperada y recomienda medidas de manejo que respondan a las caracter\u00edsticas biol\u00f3gicas del pulpo (Octopus mimus).\u00a0\u00a0 \u00a0Organizaciones de buzos artesanales de Piura piden a Produce levantar la prohibici\u00f3n de capturar pulpo en Piura y Lambayeque que ya lleva 14 [&hellip;]<\/p>\n","protected":false},"author":2,"featured_media":27776,"comment_status":"open","ping_status":"open","sticky":false,"template":"","format":"standard","meta":{"footnotes":""},"categories":[63],"tags":[],"class_list":["post-27775","post","type-post","status-publish","format-standard","has-post-thumbnail","hentry","category-noticias"],"_links":{"self":[{"href":"http:\/\/www.perupesquero.org\/web\/wp-json\/wp\/v2\/posts\/27775","targetHints":{"allow":["GET"]}}],"collection":[{"href":"http:\/\/www.perupesquero.org\/web\/wp-json\/wp\/v2\/posts"}],"about":[{"href":"http:\/\/www.perupesquero.org\/web\/wp-json\/wp\/v2\/types\/post"}],"author":[{"embeddable":true,"href":"http:\/\/www.perupesquero.org\/web\/wp-json\/wp\/v2\/users\/2"}],"replies":[{"embeddable":true,"href":"http:\/\/www.perupesquero.org\/web\/wp-json\/wp\/v2\/comments?post=27775"}],"version-history":[{"count":1,"href":"http:\/\/www.perupesquero.org\/web\/wp-json\/wp\/v2\/posts\/27775\/revisions"}],"predecessor-version":[{"id":27777,"href":"http:\/\/www.perupesquero.org\/web\/wp-json\/wp\/v2\/posts\/27775\/revisions\/27777"}],"wp:featuredmedia":[{"embeddable":true,"href":"http:\/\/www.perupesquero.org\/web\/wp-json\/wp\/v2\/media\/27776"}],"wp:attachment":[{"href":"http:\/\/www.perupesquero.org\/web\/wp-json\/wp\/v2\/media?parent=27775"}],"wp:term":[{"taxonomy":"category","embeddable":true,"href":"http:\/\/www.perupesquero.org\/web\/wp-json\/wp\/v2\/categories?post=27775"},{"taxonomy":"post_tag","embeddable":true,"href":"http:\/\/www.perupesquero.org\/web\/wp-json\/wp\/v2\/tags?post=27775"}],"curies":[{"name":"wp","href":"https:\/\/api.w.org\/{rel}","templated":true}]}}